{"id":39547,"date":"2024-08-02T10:31:04","date_gmt":"2024-08-02T10:31:04","guid":{"rendered":"https:\/\/dekkbi.com\/?p=39547"},"modified":"2024-08-02T10:31:05","modified_gmt":"2024-08-02T10:31:05","slug":"conquete-de-lespace-au-senegal-lases-annonce-la-mise-en-place-du-centre-microsatellite","status":"publish","type":"post","link":"https:\/\/dekkbi.com\/?p=39547","title":{"rendered":"Conqu\u00eate de l\u2019espace au S\u00e9n\u00e9gal : l\u2019Ases annonce la mise en place du centre microsatellite"},"content":{"rendered":"\n<p><strong>L\u2019Agence s\u00e9n\u00e9galaise des \u00e9tudes sp\u00e9ciales (Ases) va entamer avec les partenaires la construction du centre d\u2019assemblage d\u2019int\u00e9gration et de test microsatellite. Il s\u2019y ajoute que des masters dans le domaine spatial pourraient aussi voir le jour d\u00e8s la rentr\u00e9e acad\u00e9mique prochaine. Ces informations ont \u00e9t\u00e9 donn\u00e9es par<\/strong>&nbsp;<strong>Maram Kair\u00e9, directeur g\u00e9n\u00e9ral de l\u2019Ases. Ce dernier faisait la pr\u00e9sentation de cette structure, sa vision et ses missions dans le cadre des rencontres p\u00e9riodiques organis\u00e9es par l\u2019Acad\u00e9mie nationale des sciences et techniques du S\u00e9n\u00e9gal. (Ansts). &nbsp;<\/strong><\/p>\n\n\n\n<p>Le S\u00e9n\u00e9gal sera bient\u00f4t dot\u00e9 de son satellite \u00e0 l\u2019image des pays comme l\u2019Afrique du Sud et le Nig\u00e9ria. Selon le directeur de l\u2019Agence s\u00e9n\u00e9galaise d\u2019\u00e9tude spatiale (ASES),\u00a0\u00a0le pays va d\u00e9marrer avec la mise en place d\u2019un centre qui va permettre aux jeunes de travailler l\u00e0-dessus mais avec comme objectif final que les pi\u00e8ces dont le pays aura besoin pour fabriquer des microsatellites comme des cartes \u00e9lectroniques, les pi\u00e8ces de rechange, soient faites dans le pays. \u00ab\u00a0Si nous d\u00e9veloppons l\u2019industrie, bien entendu, on pourra esp\u00e9rer cr\u00e9er une \u00e9conomie.<\/p>\n\n\n\n<p> En Afrique, les projections parlent de 26 milliards de dollars d\u2019\u00e9conomie autour du secteur. Si nous arrivons \u00e0 faire ce travail, le S\u00e9n\u00e9gal peut dans les cinq prochaines ann\u00e9es \u00eatre leader en Afrique de l\u2019ouest au moins dans ce secteur\u00a0\u00bb a-t-il fait savoir. Ce dernier s\u2019exprimait\u00a0\u00a0au cours de l\u2019expos\u00e9 sous le th\u00e8me : \u00ab La conqu\u00eate de l\u2019espace : enjeux, d\u00e9fis et perspectives au S\u00e9n\u00e9gal \u00bb, qui entre dans le cadre des\u00a0\u00a0rencontres p\u00e9riodiques de l\u2019Acad\u00e9mie nationale des sciences et techniques du S\u00e9n\u00e9gal (ANSTS).<\/p>\n\n\n\n<p>Pout ce centre d\u2019un co\u00fbt global de 650 millions et pilot\u00e9 par le minist\u00e8re de l\u2019Enseignement Sup\u00e9rieur, de la Recherche et de l\u2019Innovation, M. Kair\u00e9 a estim\u00e9 que le S\u00e9n\u00e9gal est sur la bonne\u00a0\u00a0voie.\u00a0\u00abL\u2019ambition que nous avons, c\u2019est qu\u2019au S\u00e9n\u00e9gal, le spatial soit non seulement au c\u0153ur des pr\u00e9occupations mais le chef de l\u2019\u00c9tat, Bassirou Diomaye Faye, a manifest\u00e9 tr\u00e8s t\u00f4t sa vision pour la digitalisation des services, pour le d\u00e9veloppement des sciences et technologies et notre accompagnement dans cette vision va \u00eatre de faire du S\u00e9n\u00e9gal une nation spatiale tout simplement.\u00a0<\/p>\n\n\n\n<p>\u00a0Aujourd\u2019hui, tout le processus est l\u00e0 dont nous avons besoin car\u00a0\u00a0la digitalisation, l\u2019industrie, l\u2019innovation ainsi que la recherche sont fonctionnelles\u00a0\u00bb, a-t-il avanc\u00e9. M Kair\u00e9 a aussi annonc\u00e9 la mise en place des masters sur ledit domaine d\u00e8s la rentr\u00e9e acad\u00e9mique prochaine. \u00ab\u00a0D\u00e8s le d\u00e9marrage de l\u2019activit\u00e9, nous avons commenc\u00e9 \u00e0 \u00e9tudier la question avec des partenaires dont les universit\u00e9s qui sont sur le plan international et qui nous proposent des masters de formation dans les sciences de technologie sp\u00e9ciale. Et nous n\u2019avons pas h\u00e9sit\u00e9 \u00e0 les mettre en contact avec des \u00e9coles polytechniques et des \u00e9coles s\u00e9n\u00e9galaises et nous sommes en train de voir comment les accompagner pour que dans les prochaines rentr\u00e9es, les \u00e9coles de formation qui sont en train de discuter avec les partenaires puissent initialiser la mise en place de ces masters\u00a0\u00bb a-t-il d\u00e9clar\u00e9. <\/p>\n\n\n\n<p>Et d\u2019ajouter\u00a0:\u00a0\u00ab\u00a0notre r\u00f4le n\u2019est pas de faire de la formation mais de faire monter en puissance les comp\u00e9tences d\u00e9j\u00e0 existantes en les mettant en rapport avec les meilleures universit\u00e9s dans le monde. Je souligne aussi qu\u2019il y a un travail important qui a \u00e9t\u00e9 fait au niveau de l\u2019universit\u00e9 du Sine Saloum avec la mise en place du master de g\u00e9omatique dans le cadre du projet sen spatial. Donc c\u2019est une pr\u00e9occupation, le spatial ne peut pas se d\u00e9velopper sans la mise en place des ressources humaines. Il faut des infrastructures mais \u00e9galement des comp\u00e9tences et nous travaillons sur des axes de fa\u00e7on tr\u00e8s urgente\u00a0\u00bb.<\/p>\n\n\n\n<p><strong>Denise ZAROUR MEDANG<\/strong><\/p>\n","protected":false},"excerpt":{"rendered":"<p>L\u2019Agence s\u00e9n\u00e9galaise des \u00e9tudes sp\u00e9ciales (Ases) va entamer avec les partenaires la construction du centre d\u2019assemblage d\u2019int\u00e9gration et de test<\/p>\n","protected":false},"author":1,"featured_media":39548,"comment_status":"open","ping_status":"open","sticky":false,"template":"","format":"standard","meta":{"footnotes":""},"categories":[3],"tags":[],"class_list":["post-39547","post","type-post","status-publish","format-standard","has-post-thumbnail","hentry","category-event-more-news"],"_links":{"self":[{"href":"https:\/\/dekkbi.com\/index.php?rest_route=\/wp\/v2\/posts\/39547","targetHints":{"allow":["GET"]}}],"collection":[{"href":"https:\/\/dekkbi.com\/index.php?rest_route=\/wp\/v2\/posts"}],"about":[{"href":"https:\/\/dekkbi.com\/index.php?rest_route=\/wp\/v2\/types\/post"}],"author":[{"embeddable":true,"href":"https:\/\/dekkbi.com\/index.php?rest_route=\/wp\/v2\/users\/1"}],"replies":[{"embeddable":true,"href":"https:\/\/dekkbi.com\/index.php?rest_route=%2Fwp%2Fv2%2Fcomments&post=39547"}],"version-history":[{"count":1,"href":"https:\/\/dekkbi.com\/index.php?rest_route=\/wp\/v2\/posts\/39547\/revisions"}],"predecessor-version":[{"id":39549,"href":"https:\/\/dekkbi.com\/index.php?rest_route=\/wp\/v2\/posts\/39547\/revisions\/39549"}],"wp:featuredmedia":[{"embeddable":true,"href":"https:\/\/dekkbi.com\/index.php?rest_route=\/wp\/v2\/media\/39548"}],"wp:attachment":[{"href":"https:\/\/dekkbi.com\/index.php?rest_route=%2Fwp%2Fv2%2Fmedia&parent=39547"}],"wp:term":[{"taxonomy":"category","embeddable":true,"href":"https:\/\/dekkbi.com\/index.php?rest_route=%2Fwp%2Fv2%2Fcategories&post=39547"},{"taxonomy":"post_tag","embeddable":true,"href":"https:\/\/dekkbi.com\/index.php?rest_route=%2Fwp%2Fv2%2Ftags&post=39547"}],"curies":[{"name":"wp","href":"https:\/\/api.w.org\/{rel}","templated":true}]}}