{"id":39521,"date":"2024-08-02T09:40:15","date_gmt":"2024-08-02T09:40:15","guid":{"rendered":"https:\/\/dekkbi.com\/?p=39521"},"modified":"2024-08-02T13:06:57","modified_gmt":"2024-08-02T13:06:57","slug":"le-seuil-critique-est-atteint-moscou-menace-la-pologne","status":"publish","type":"post","link":"https:\/\/dekkbi.com\/?p=39521","title":{"rendered":"La Russie poursuit sa rh\u00e9torique contre le d\u00e9ploiement par l&rsquo;OTAN d&rsquo;armes nucl\u00e9aires en Pologne: \u00ab\u00a0si ce d\u00e9ploiement se concr\u00e9tisait, il deviendrait une cible prioritaire dans la planification militaire Russe\u00a0\u00bb"},"content":{"rendered":"\n<p>Par la voix de son vice-ministre russe des affaires \u00e9trang\u00e8res, Sergey Riabkov, cit\u00e9 par l&rsquo;agence de presse officielle TASS, les Russes se veulent mena\u00e7ant:&nbsp;<a href=\"https:\/\/popup.taboola.com\/en\/\" target=\"_blank\" rel=\"noreferrer noopener\"><\/a><\/p>\n\n\n\n<p>\u00ab\u00a0L&rsquo;expansion de la pratique des missions nucl\u00e9aires conjointes de l&rsquo;OTAN&nbsp; est purement d\u00e9stabilisante. En fait, elle est mena\u00e7ante. Sans parler du d\u00e9ploiement permanent d&rsquo;armes nucl\u00e9aires\u00a0\u00bb.<\/p>\n\n\n\n<p>Il fait r\u00e9f\u00e9rence ainsi \u00e0 Andrzej Duda, qui a d\u00e9clar\u00e9 que son pays \u00e9tait \u00ab\u00a0pr\u00eat \u00e0 accepter des armes nucl\u00e9aires\u00a0\u00bb de pays alli\u00e9s sur son territoire.<\/p>\n\n\n\n<p>\u00ab\u00a0Les hommes politiques qui, pour des raisons qui leur sont propres, discutent aujourd&rsquo;hui avec enthousiasme de ce plan en Pologne et \u00e0 l&rsquo;\u00e9tranger, devraient comprendre que ces changements n&rsquo;am\u00e9lioreront pas la s\u00e9curit\u00e9 de la Pologne et que les installations correspondantes deviendront des cibles. Et elles seront au premier plan de notre planification militaire\u00a0\u00bb, a-t-il averti.<\/p>\n\n\n\n<p>(FM\/Source: Agences\/Photo:&nbsp;Anna Zvereva wia wikiCommons under license Creative Commons&nbsp;CC BY-SA 2.0.)<\/p>\n","protected":false},"excerpt":{"rendered":"<p>Par la voix de son vice-ministre russe des affaires \u00e9trang\u00e8res, Sergey Riabkov, cit\u00e9 par l&rsquo;agence de presse officielle TASS, les<\/p>\n","protected":false},"author":1,"featured_media":39522,"comment_status":"open","ping_status":"open","sticky":false,"template":"","format":"standard","meta":{"footnotes":""},"categories":[51],"tags":[],"class_list":["post-39521","post","type-post","status-publish","format-standard","has-post-thumbnail","hentry","category-general"],"_links":{"self":[{"href":"https:\/\/dekkbi.com\/index.php?rest_route=\/wp\/v2\/posts\/39521","targetHints":{"allow":["GET"]}}],"collection":[{"href":"https:\/\/dekkbi.com\/index.php?rest_route=\/wp\/v2\/posts"}],"about":[{"href":"https:\/\/dekkbi.com\/index.php?rest_route=\/wp\/v2\/types\/post"}],"author":[{"embeddable":true,"href":"https:\/\/dekkbi.com\/index.php?rest_route=\/wp\/v2\/users\/1"}],"replies":[{"embeddable":true,"href":"https:\/\/dekkbi.com\/index.php?rest_route=%2Fwp%2Fv2%2Fcomments&post=39521"}],"version-history":[{"count":4,"href":"https:\/\/dekkbi.com\/index.php?rest_route=\/wp\/v2\/posts\/39521\/revisions"}],"predecessor-version":[{"id":39590,"href":"https:\/\/dekkbi.com\/index.php?rest_route=\/wp\/v2\/posts\/39521\/revisions\/39590"}],"wp:featuredmedia":[{"embeddable":true,"href":"https:\/\/dekkbi.com\/index.php?rest_route=\/wp\/v2\/media\/39522"}],"wp:attachment":[{"href":"https:\/\/dekkbi.com\/index.php?rest_route=%2Fwp%2Fv2%2Fmedia&parent=39521"}],"wp:term":[{"taxonomy":"category","embeddable":true,"href":"https:\/\/dekkbi.com\/index.php?rest_route=%2Fwp%2Fv2%2Fcategories&post=39521"},{"taxonomy":"post_tag","embeddable":true,"href":"https:\/\/dekkbi.com\/index.php?rest_route=%2Fwp%2Fv2%2Ftags&post=39521"}],"curies":[{"name":"wp","href":"https:\/\/api.w.org\/{rel}","templated":true}]}}