{"id":39519,"date":"2024-08-02T09:31:09","date_gmt":"2024-08-02T09:31:09","guid":{"rendered":"https:\/\/dekkbi.com\/?p=39519"},"modified":"2024-08-02T09:31:09","modified_gmt":"2024-08-02T09:31:09","slug":"contribution-le-projet-doit-integrer-limperatif-dinstaller-le-senegal-sur-une-nouvelle-orbite-industrielle","status":"publish","type":"post","link":"https:\/\/dekkbi.com\/?p=39519","title":{"rendered":"Contribution : Le Projet doit int\u00e9grer l&rsquo;imp\u00e9ratif d&rsquo;installer le S\u00e9n\u00e9gal sur une nouvelle orbite industrielle."},"content":{"rendered":"\n<p><strong>Le Plan S\u00e9n\u00e9gal Emergent, PSE, qui a \u00e9t\u00e9 le&nbsp;<\/strong><a href=\"https:\/\/www.senenews.com\/actualites\/parti-socialiste-des-cadres-seraient-en-train-de-quitter-le-navire_490302.html\" target=\"_blank\" rel=\"noreferrer noopener\">cadre<\/a><strong>&nbsp;de r\u00e9f\u00e9rence des politiques de la \u00abgouvernance Macky Sall\u00bb dont l&rsquo;objectif \u00e9tait de conduire le S\u00e9n\u00e9gal sur la voie de l&rsquo;\u00e9mergence \u00e0 l&rsquo;horizon 2035 est en \u00ab\u00a0session extraordinaire\u00a0\u00bb d&rsquo;\u00e9valuation. Alternance oblige! M\u00eame si le bilan mat\u00e9riel du PSE est visiblement incontestable, le plan peut \u2013 pour les avis\u00e9s \u2013 mieux faire dans des secteurs strat\u00e9giques dont notamment industriel, agricole&#8230; D\u00e9faut d&rsquo;audace, vision limit\u00e9e ou manque d&rsquo;intelligence \u00e9conomique dans la r\u00e9flexion de base et dans le d\u00e9ploiement strat\u00e9gique? Dans tous les cas, le PSE reste un r\u00e9f\u00e9rentiel \u00e0 peaufiner pour un nouvel \u00e9lan industriel, entre autres. Le Projet\u00a0\u00bb doit int\u00e9grer&nbsp;l<\/strong><strong>&lsquo;imp\u00e9ratif d&rsquo;installer le S\u00e9n\u00e9gal sur&nbsp;<\/strong>&nbsp;<strong>une nouvelle orbite industrielle.<\/strong><\/p>\n\n\n\n<p>Tous les ingr\u00e9dients d&rsquo;une ambition de politique industrielle moderne ont \u00e9t\u00e9 pris en compte dans les enjeux de la politique industrielle nationale propos\u00e9e \u00e0 travers le PSE (2021-2035), de la s\u00e9curit\u00e9 alimentaire \u00e0 l&rsquo;industrie durable et inclusive, en passant par la s\u00e9curit\u00e9 pharmaceutique (la pand\u00e9mie du Covid est pass\u00e9 par l\u00e0), les transformations technologiques, l&rsquo;industrie 4.0, la territorialisation du d\u00e9veloppement industriel, l&#8217;emploi des jeunes, ou encore le repositionnement du S\u00e9n\u00e9gal sur les cha\u00eenes de valeur mondiales (nouveaux m\u00e9tiers du monde) et une exploitation intelligente du march\u00e9 de la ZLECAF. L&rsquo;objectif, rappelons-le, \u00e9tait d&rsquo;\u00e9riger un secteur industriel<\/p>\n\n\n\n<p>diversifi\u00e9 et comp\u00e9titif, pourvoyeur d&#8217;emplois et apportant une pleine contribution au d\u00e9veloppement inclusif et durable, pour un S\u00e9n\u00e9gal \u00e9mergent \u00e0 l&rsquo;horizon 2035. Le PSE, quoiqu&rsquo;on en dise, a \u00e9t\u00e9 salutaire. Il a permis au pays d&rsquo;accomplir un bond structurel int\u00e9ressant et surtout de d\u00e9gager des pistes pouvant constituer un r\u00e9f\u00e9rentiel ou une base pour la nouvelle orientation promise \u00e0 travers la rupture du nouveau r\u00e9gime. Si dans l&rsquo;approche th\u00e9orique de l&rsquo;ancien r\u00e9gime, rien ne fait d\u00e9faut, dans la pratique, l&rsquo;impl\u00e9mentation et la mat\u00e9rialisation de la vision industrielle a accouch\u00e9 des r\u00e9sultats en de\u00e7\u00e0 des potentialit\u00e9s r\u00e9elles du pays. Le S\u00e9n\u00e9gal qui a \u00e9t\u00e9 la capitale<\/p>\n\n\n\n<p>Le S\u00e9n\u00e9gal qui a \u00e9t\u00e9 la capitale&nbsp;industrielle de l&rsquo;Afrique occidentale fran\u00e7aise a accus\u00e9 une profonde l\u00e9thargie industrielle entre les ann\u00e9es 80-90. Il devait \u00eatre question aujourd&rsquo;hui d&rsquo;acc\u00e9l\u00e9ration industrielle \u00e0 l&rsquo;image des pays d&rsquo;Afrique du Nord. Ces pays maghr\u00e9bins eux, ont su redynamiser leur industrie pour soutenir des \u00e9conomies fortes et en transformation, gr\u00e2ce \u00e0 une approche bas\u00e9e sur la mise en place d&rsquo;\u00e9cosyst\u00e8mes performants, et visant l&rsquo;int\u00e9gration des cha\u00eenes de valeur et la consolidation des relations locales entre les grandes entreprises et les PME. Il s&rsquo;agit encore pour eux de&nbsp;l&rsquo;aboutissement de processus de r\u00e9formes, de formalisation du patronat et de consid\u00e9ration du secteur priv\u00e9 dans la d\u00e9finition des diff\u00e9rents plans sectoriels qui constituent la grappe de la politique industrielle.&nbsp;<\/p>\n\n\n\n<p>En voil\u00e0 la un bref expos\u00e9 de la situation qui en appelle \u00e0 une nouvelle orientation. Celle-ci devra s&rsquo;articuler autour d&rsquo;une s\u00e9rie de r\u00e9formes et d&rsquo;initiatives sur fond de repositionnement strat\u00e9gique.Les pistes sont connues, la r\u00e9flexion&nbsp;plus que profonde et l&rsquo;exp\u00e9rience comparative et probante assez \u00e9difiante&nbsp;pour. Posons-nous, concertons-nous et osons installer le pays sur une nouvelle orbite industrielle. C&rsquo;est sur \u00e7a qu&rsquo;on attend \u00e9galement le&#8230; projet.<\/p>\n\n\n\n<p><strong>Cheikh Mback\u00e9 SENE<br>Expert Intelligence \u00e9conomique<br>Doctorant en administration des affaires<br>au School of Business and Economics,<br>Atlantic International University (USA)<\/strong><\/p>\n\n\n\n<p><strong>Ancien Conseiller technique<\/strong><\/p>\n","protected":false},"excerpt":{"rendered":"<p>Le Plan S\u00e9n\u00e9gal Emergent, PSE, qui a \u00e9t\u00e9 le&nbsp;cadre&nbsp;de r\u00e9f\u00e9rence des politiques de la \u00abgouvernance Macky Sall\u00bb dont l&rsquo;objectif \u00e9tait<\/p>\n","protected":false},"author":1,"featured_media":34573,"comment_status":"open","ping_status":"open","sticky":false,"template":"","format":"standard","meta":{"footnotes":""},"categories":[3],"tags":[],"class_list":["post-39519","post","type-post","status-publish","format-standard","has-post-thumbnail","hentry","category-event-more-news"],"_links":{"self":[{"href":"https:\/\/dekkbi.com\/index.php?rest_route=\/wp\/v2\/posts\/39519","targetHints":{"allow":["GET"]}}],"collection":[{"href":"https:\/\/dekkbi.com\/index.php?rest_route=\/wp\/v2\/posts"}],"about":[{"href":"https:\/\/dekkbi.com\/index.php?rest_route=\/wp\/v2\/types\/post"}],"author":[{"embeddable":true,"href":"https:\/\/dekkbi.com\/index.php?rest_route=\/wp\/v2\/users\/1"}],"replies":[{"embeddable":true,"href":"https:\/\/dekkbi.com\/index.php?rest_route=%2Fwp%2Fv2%2Fcomments&post=39519"}],"version-history":[{"count":1,"href":"https:\/\/dekkbi.com\/index.php?rest_route=\/wp\/v2\/posts\/39519\/revisions"}],"predecessor-version":[{"id":39520,"href":"https:\/\/dekkbi.com\/index.php?rest_route=\/wp\/v2\/posts\/39519\/revisions\/39520"}],"wp:featuredmedia":[{"embeddable":true,"href":"https:\/\/dekkbi.com\/index.php?rest_route=\/wp\/v2\/media\/34573"}],"wp:attachment":[{"href":"https:\/\/dekkbi.com\/index.php?rest_route=%2Fwp%2Fv2%2Fmedia&parent=39519"}],"wp:term":[{"taxonomy":"category","embeddable":true,"href":"https:\/\/dekkbi.com\/index.php?rest_route=%2Fwp%2Fv2%2Fcategories&post=39519"},{"taxonomy":"post_tag","embeddable":true,"href":"https:\/\/dekkbi.com\/index.php?rest_route=%2Fwp%2Fv2%2Ftags&post=39519"}],"curies":[{"name":"wp","href":"https:\/\/api.w.org\/{rel}","templated":true}]}}