{"id":39510,"date":"2024-08-01T11:40:37","date_gmt":"2024-08-01T11:40:37","guid":{"rendered":"https:\/\/dekkbi.com\/?p=39510"},"modified":"2024-08-01T11:44:34","modified_gmt":"2024-08-01T11:44:34","slug":"gymnastique-avec-lor-par-equipe-biles-reenchante-son-histoire-olympique","status":"publish","type":"post","link":"https:\/\/dekkbi.com\/?p=39510","title":{"rendered":"Gymnastique: avec l&rsquo;or par \u00e9quipe, Simone Biles r\u00e9enchante son histoire olympique"},"content":{"rendered":"\n<p>Scintillante, performante et avec le sourire! La superstar de la gymnastique Simone Biles a d\u00e9croch\u00e9 mardi sa premi\u00e8re m\u00e9daille des Jeux de Paris, de l&rsquo;or par \u00e9quipe, qui fait monter sa collection olympique \u00e0 cinq titres, dans une forme de revanche sur les Jeux de Tokyo en 2021.<\/p>\n\n\n\n<p>Dans une Arena Bercy bond\u00e9e, Biles et ses compatriotes Jordan Chiles, Sunisa Lee et Jade Carey ont remport\u00e9 la m\u00e9daille d&rsquo;or de l&rsquo;\u00e9preuve par \u00e9quipes avec un total de 171,296 points, devant l&rsquo;Italie, qui n&rsquo;avait plus \u00e9t\u00e9 m\u00e9daill\u00e9e dans l&rsquo;\u00e9preuve depuis 1928 (165,494), et le Br\u00e9sil, qui s&rsquo;offre sa toute premi\u00e8re m\u00e9daille olympique collective (164,497).<\/p>\n\n\n\n<p>Ce fut l&rsquo;occasion pour les Am\u00e9ricaines de reprendre le titre qui leur avait \u00e9chapp\u00e9 lors des Jeux de Tokyo en 2021, o\u00f9 elles avaient d\u00fb se contenter de l&rsquo;argent, battues par les gymnastes russes. Les Etats-Unis comptent d\u00e9sormais quatre m\u00e9dailles d&rsquo;or sur l&rsquo;\u00e9preuve collective.<\/p>\n\n\n\n<p>Ce fut aussi et surtout l&rsquo;occasion pour Biles de d\u00e9clarer de nouveau son amour \u00e0 la gymnastique, apr\u00e8s avoir d\u00fb interrompre son parcours lors des JO de Tokyo, envahie par une d\u00e9pression, qui l&rsquo;a tenue \u00e9loign\u00e9e deux ans de la comp\u00e9tition.<\/p>\n\n\n\n<p>La Texane a ouvert son compteur de m\u00e9dailles \u00e0 Paris: gr\u00e2ce \u00e0 la victoire en finale par \u00e9quipe, elle d\u00e9tient dor\u00e9navant cinq m\u00e9dailles d&rsquo;or pour un total de huit m\u00e9dailles olympiques.<\/p>\n\n\n\n<h2 class=\"wp-block-heading\">Comaneci, Serena Williams, Nicole Kidman<\/h2>\n\n\n\n<p>La gymnaste Simone Biles lors de l&rsquo;exercice au sol du concours g\u00e9n\u00e9ral par \u00e9quipes remport\u00e9 par les Am\u00e9ricains aux Jeux olympiques de Paris \u00e0 l&rsquo;Arena Bercy le 30 juillet 2024<\/p>\n\n\n\n<p>AFP  &#8211; Gabriel BOUYS<\/p>\n\n\n\n<p>Et sentant venir l&rsquo;heure de la r\u00e9demption, le tout Hollywood s&rsquo;\u00e9tait d\u00e9plac\u00e9 pour venir admirer celle qui \u00e9crit de nouveau des pages de l&rsquo;histoire de la gymnastique artistique.<\/p>\n\n\n\n<p>Dans les tribunes, Biles a pu compter sur le fervent soutien de l&rsquo;actrice Nicole Kidman, du r\u00e9alisateur Spike Lee, du fondateur de Microsoft Bill Gates, ou encore de l&rsquo;ex-joueuse de tennis Serena Williams.<\/p>\n\n\n\n<p>Le patron du Cojo Tony Estanguet n&rsquo;a rien manqu\u00e9 lui non plus, tout comme le Premier ministre fran\u00e7ais, Gabriel Attal. Nadia Comaneci, \u00e0 jamais une l\u00e9gende de la gymnastique, \u00e9tait aussi dans les tribunes.<\/p>\n\n\n\n<p>Et surtout, il y avait son mari Jonathan Owens, joueur de football am\u00e9ricain (Chicago Bears).<\/p>\n\n\n\n<p>Biles, le mollet gauche encore band\u00e9 apr\u00e8s une douleur raviv\u00e9e dimanche lors des qualifications, a arbor\u00e9 un large sourire apr\u00e8s chacune de ses performances, dans son justaucorps blanc et rouge paillet\u00e9, m\u00eame si ses ex\u00e9cutions n&rsquo;ont pas \u00e9t\u00e9 toutes parfaites.<\/p>\n\n\n\n<p>Ce titre retrouv\u00e9 lui a valu une immense explosion de joie.<\/p>\n\n\n\n<p>Car c&rsquo;est lors de l&rsquo;\u00e9preuve par \u00e9quipe aux Jeux de Tokyo que Biles s&rsquo;\u00e9tait effondr\u00e9e mentalement. Elle avait expliqu\u00e9 ensuite qu&rsquo;elle avait \u00e9t\u00e9 victime de \u00ab\u00a0twisties\u00a0\u00bb, des pertes de rep\u00e8res dans l&rsquo;espace qui surviennent en un instant.<\/p>\n\n\n\n<p>\u00ab\u00a0J&rsquo;ai compris que je voulais juste sortir de la salle, prendre soin de ma sant\u00e9 mentale. Je savais que le processus de gu\u00e9rison serait long. Mais j&rsquo;\u00e9tais convaincue aussi que je m&rsquo;en sortirais\u00a0\u00bb, a-t-elle racont\u00e9 dans un entretien au journal L&rsquo;Equipe, paru vendredi dernier.<\/p>\n\n\n\n<h2 class=\"wp-block-heading\">\u00ab\u00a0Pour Simone\u00a0\u00bb<\/h2>\n\n\n\n<p>La sportive n&rsquo;a rien oubli\u00e9 des ces terribles moments, ni des reproches qui lui ont \u00e9t\u00e9 faits sur les r\u00e9seaux sociaux.<\/p>\n\n\n\n<p>\u00ab\u00a0A Tokyo, j&rsquo;ai re\u00e7u beaucoup de messages n\u00e9gatifs, des insultes. Que j&rsquo;\u00e9tais faible l\u00e2che, \u00e9go\u00efste, que j&rsquo;avais pris la place d&rsquo;une gymnaste plus m\u00e9ritante. Que c&rsquo;est \u00e0 cause de moi que l&rsquo;\u00e9quipe am\u00e9ricaine n&rsquo;avait pas remport\u00e9 la m\u00e9daille d&rsquo;or&#8230;\u00a0\u00bb, a-t-elle confi\u00e9 au quotidien sportif.<\/p>\n\n\n\n<p>A Paris, elle est apparue nettement diff\u00e9rente. Elle publie tr\u00e8s fr\u00e9quemment des messages, photos et vid\u00e9os sur son compte Instagram pour parler de son quotidien olympique, du pain au chocolat qu&rsquo;elle d\u00e9couvre et qu&rsquo;elle adore, de sa coiffure qu&rsquo;elle soigne dans la navette qui la m\u00e8ne \u00e0 l&rsquo;Arena Bercy, s\u00e8che-cheveux en action.<\/p>\n\n\n\n<p>Biles est une telle figure que certains Am\u00e9ricains n&rsquo;ont pas h\u00e9sit\u00e9 \u00e0 traverser l&rsquo;Atlantique pour venir la voir performer.<\/p>\n\n\n\n<p>\u00ab\u00a0On est l\u00e0 pour encourager toute l&rsquo;\u00e9quipe am\u00e9ricaine mais bien s\u00fbr, pour Simone. Ce sont s\u00fbrement ses derniers Jeux, on veut \u00eatre l\u00e0 pour la soutenir. Elle inspire beaucoup de petites filles\u00a0\u00bb, explique \u00e0 l&rsquo;AFP Kaylia Shield, venue de l&rsquo;Ohio.<\/p>\n\n\n\n<p>Jeudi, Biles s&rsquo;avancera pour une deuxi\u00e8me m\u00e9daille avec le concours g\u00e9n\u00e9ral individuel, dont elle d\u00e9tient un titre olympique (2016) et six titres mondiaux.<\/p>\n\n\n\n<p>Elle pourra encore enrichir sa collection avec trois finales (sur 4) par agr\u00e8s (samedi et lundi): saut, poutre et sol. Mais son staff a sp\u00e9cifi\u00e9 \u00e0 la presse qu&rsquo;il laissait \u00e0 Biles le choix de s&rsquo;aligner ou non, pour lui \u00e9viter toute pression.<\/p>\n","protected":false},"excerpt":{"rendered":"<p>Scintillante, performante et avec le sourire! La superstar de la gymnastique Simone Biles a d\u00e9croch\u00e9 mardi sa premi\u00e8re m\u00e9daille des<\/p>\n","protected":false},"author":1,"featured_media":39511,"comment_status":"open","ping_status":"open","sticky":false,"template":"","format":"standard","meta":{"footnotes":""},"categories":[9],"tags":[],"class_list":["post-39510","post","type-post","status-publish","format-standard","has-post-thumbnail","hentry","category-sports"],"_links":{"self":[{"href":"https:\/\/dekkbi.com\/index.php?rest_route=\/wp\/v2\/posts\/39510","targetHints":{"allow":["GET"]}}],"collection":[{"href":"https:\/\/dekkbi.com\/index.php?rest_route=\/wp\/v2\/posts"}],"about":[{"href":"https:\/\/dekkbi.com\/index.php?rest_route=\/wp\/v2\/types\/post"}],"author":[{"embeddable":true,"href":"https:\/\/dekkbi.com\/index.php?rest_route=\/wp\/v2\/users\/1"}],"replies":[{"embeddable":true,"href":"https:\/\/dekkbi.com\/index.php?rest_route=%2Fwp%2Fv2%2Fcomments&post=39510"}],"version-history":[{"count":2,"href":"https:\/\/dekkbi.com\/index.php?rest_route=\/wp\/v2\/posts\/39510\/revisions"}],"predecessor-version":[{"id":39518,"href":"https:\/\/dekkbi.com\/index.php?rest_route=\/wp\/v2\/posts\/39510\/revisions\/39518"}],"wp:featuredmedia":[{"embeddable":true,"href":"https:\/\/dekkbi.com\/index.php?rest_route=\/wp\/v2\/media\/39511"}],"wp:attachment":[{"href":"https:\/\/dekkbi.com\/index.php?rest_route=%2Fwp%2Fv2%2Fmedia&parent=39510"}],"wp:term":[{"taxonomy":"category","embeddable":true,"href":"https:\/\/dekkbi.com\/index.php?rest_route=%2Fwp%2Fv2%2Fcategories&post=39510"},{"taxonomy":"post_tag","embeddable":true,"href":"https:\/\/dekkbi.com\/index.php?rest_route=%2Fwp%2Fv2%2Ftags&post=39510"}],"curies":[{"name":"wp","href":"https:\/\/api.w.org\/{rel}","templated":true}]}}