{"id":39503,"date":"2024-08-01T11:34:11","date_gmt":"2024-08-01T11:34:11","guid":{"rendered":"https:\/\/dekkbi.com\/?p=39503"},"modified":"2024-08-01T11:36:02","modified_gmt":"2024-08-01T11:36:02","slug":"israel-annonce-la-mort-du-chef-militaire-du-hamas-dans-une-frappe-en-juillet-a-gaza","status":"publish","type":"post","link":"https:\/\/dekkbi.com\/?p=39503","title":{"rendered":"Mort de Mohammed Deif"},"content":{"rendered":"\n<p>L&rsquo;arm\u00e9e isra\u00e9lienne a annonc\u00e9 jeudi que le chef de la branche arm\u00e9e du Hamas, Mohammed Deif, avait \u00e9t\u00e9 \u00ab&nbsp;<em>\u00e9limin\u00e9<\/em>&nbsp;\u00bb dans une frappe le 13 juillet dans la bande Gaza.<\/p>\n\n\n\n<p>Par :RFI avec AFP<\/p>\n\n\n\n<p>C\u2019est sous forme de communiqu\u00e9 et apr\u00e8s deux semaines et demi\u00a0<strong>d\u2019incertitude sur son sort<\/strong>, que l\u2019arm\u00e9e isra\u00e9lienne et le Shin Bet, le service de s\u00e9curit\u00e9 int\u00e9rieure, confirment la mort de Mohammed Deif. \u00ab\u00a0<em>L&rsquo;arm\u00e9e isra\u00e9lienne annonce que le 13 juillet 2024, des avions de combat ont men\u00e9 des frappes dans la r\u00e9gion de Khan Youn\u00e8s, et \u00e0 la suite \u00e0 d&rsquo;une analyse de renseignements, il peut \u00eatre confirm\u00e9 que Mohammed Deif a \u00e9t\u00e9 \u00e9limin\u00e9<\/em>\u00a0\u00bb, indique le texte.<\/p>\n\n\n\n<p>Chef d\u2019\u00e9tat-major du Hamas \u00e0 Gaza, architecte des tunnels de l\u2019enclave palestinienne, c\u2019est lui qui, selon le communiqu\u00e9, a \u00ab<em>&nbsp;initi\u00e9, planifi\u00e9 et ex\u00e9cut\u00e9 l&rsquo;attaque du 7 octobre<\/em>&nbsp;\u00bb dernier. Toujours selon le communiqu\u00e9, Mohammed Deif op\u00e9rait aux c\u00f4t\u00e9s de Yahya Sinwar et transmettait les ordres aux membres sup\u00e9rieurs de la branche arm\u00e9e du Hamas, rapporte<em>&nbsp;notre correspondant \u00e0 J\u00e9rusalem<\/em>,&nbsp;<strong>Michel Paul<\/strong>.<\/p>\n\n\n\n<p>Le 13 juillet, l&rsquo;aviation isra\u00e9lienne avait lourdement bombard\u00e9 le site \u00e0 Khan Youn\u00e8s o\u00f9 se trouvait Mohammed Deif, selon Isra\u00ebl. Le minist\u00e8re de la Sant\u00e9 du gouvernement du Hamas dans la bande de\u00a0<strong>Gaza\u00a0<\/strong>avait indiqu\u00e9 que les frappes avaient fait plus de 90 morts. Mais le Hamas avait ni\u00e9 la mort du chef de guerre palestinien. Cette annonce intervient au lendemain de l\u2019\u00e9limination du chef du bureau politique du Hamas, Ismail Haniyeh en plein c\u0153ur de T\u00e9heran. Une frappe qui n\u2019a pas \u00e9t\u00e9 revendiqu\u00e9e par Isra\u00ebl.<\/p>\n\n\n\n<h2 class=\"wp-block-heading\">Recherch\u00e9 par Isra\u00ebl depuis 30 ans<\/h2>\n\n\n\n<p>Chef des Brigades Ezzedine al-Qassam, la branche arm\u00e9e du Hamas,\u00a0<strong>Mohammed Deif\u00a0<\/strong>\u00e9tait l&rsquo;un des hommes les plus recherch\u00e9s par Isra\u00ebl depuis pr\u00e8s de trente ans et figurait sur la liste am\u00e9ricaine des \u00ab\u00a0<em>terroristes internationaux\u00a0<\/em>\u00bb depuis 2015.<\/p>\n\n\n\n<p>Selon l&rsquo;arm\u00e9e isra\u00e9lienne, il a men\u00e9 plusieurs attaques contre Isra\u00ebl au fil des ann\u00e9es et\u00a0<strong>op\u00e9rait avec Yahya Sinwar<\/strong>, le chef du Hamas \u00e0 Gaza. \u00ab\u00a0<em>Pendant la guerre, il (Deif) a command\u00e9 les activit\u00e9s terroristes du Hamas dans la bande de Gaza en donnant des ordres et des instructions aux membres sup\u00e9rieurs de l&rsquo;aile militaire du Hamas\u00a0<\/em>\u00bb, a ajout\u00e9 l&rsquo;arm\u00e9e.<\/p>\n\n\n\n<p>Lors de l&rsquo;attaque du 7 octobre, 251 personnes avaient \u00e9t\u00e9 enlev\u00e9es, dont 111 sont toujours retenues en captivit\u00e9 \u00e0 Gaza, parmi lesquelles 39 sont mortes, selon l&rsquo;arm\u00e9e.<\/p>\n\n\n\n<p>En riposte,\u00a0<strong>Isra\u00ebl\u00a0<\/strong>a lanc\u00e9 une offensive d&rsquo;envergure \u00e0 Gaza qui a fait jusqu&rsquo;ici 39\u00a0480 morts, selon des donn\u00e9es du minist\u00e8re de la Sant\u00e9 du gouvernement de Gaza, dirig\u00e9 par le Hamas, qui ne donne pas d&rsquo;indications sur le nombre de civils et de combattants morts.<\/p>\n","protected":false},"excerpt":{"rendered":"<p>L&rsquo;arm\u00e9e isra\u00e9lienne a annonc\u00e9 jeudi que le chef de la branche arm\u00e9e du Hamas, Mohammed Deif, avait \u00e9t\u00e9 \u00ab&nbsp;\u00e9limin\u00e9&nbsp;\u00bb dans<\/p>\n","protected":false},"author":1,"featured_media":39504,"comment_status":"open","ping_status":"open","sticky":false,"template":"","format":"standard","meta":{"footnotes":""},"categories":[51],"tags":[],"class_list":["post-39503","post","type-post","status-publish","format-standard","has-post-thumbnail","hentry","category-general"],"_links":{"self":[{"href":"https:\/\/dekkbi.com\/index.php?rest_route=\/wp\/v2\/posts\/39503","targetHints":{"allow":["GET"]}}],"collection":[{"href":"https:\/\/dekkbi.com\/index.php?rest_route=\/wp\/v2\/posts"}],"about":[{"href":"https:\/\/dekkbi.com\/index.php?rest_route=\/wp\/v2\/types\/post"}],"author":[{"embeddable":true,"href":"https:\/\/dekkbi.com\/index.php?rest_route=\/wp\/v2\/users\/1"}],"replies":[{"embeddable":true,"href":"https:\/\/dekkbi.com\/index.php?rest_route=%2Fwp%2Fv2%2Fcomments&post=39503"}],"version-history":[{"count":3,"href":"https:\/\/dekkbi.com\/index.php?rest_route=\/wp\/v2\/posts\/39503\/revisions"}],"predecessor-version":[{"id":39508,"href":"https:\/\/dekkbi.com\/index.php?rest_route=\/wp\/v2\/posts\/39503\/revisions\/39508"}],"wp:featuredmedia":[{"embeddable":true,"href":"https:\/\/dekkbi.com\/index.php?rest_route=\/wp\/v2\/media\/39504"}],"wp:attachment":[{"href":"https:\/\/dekkbi.com\/index.php?rest_route=%2Fwp%2Fv2%2Fmedia&parent=39503"}],"wp:term":[{"taxonomy":"category","embeddable":true,"href":"https:\/\/dekkbi.com\/index.php?rest_route=%2Fwp%2Fv2%2Fcategories&post=39503"},{"taxonomy":"post_tag","embeddable":true,"href":"https:\/\/dekkbi.com\/index.php?rest_route=%2Fwp%2Fv2%2Ftags&post=39503"}],"curies":[{"name":"wp","href":"https:\/\/api.w.org\/{rel}","templated":true}]}}