{"id":39466,"date":"2024-08-01T10:49:39","date_gmt":"2024-08-01T10:49:39","guid":{"rendered":"https:\/\/dekkbi.com\/?p=39466"},"modified":"2024-08-01T10:49:39","modified_gmt":"2024-08-01T10:49:39","slug":"police-nationale-le-grand-chamboulement","status":"publish","type":"post","link":"https:\/\/dekkbi.com\/?p=39466","title":{"rendered":"Police nationale : Le grand chamboulement"},"content":{"rendered":"\n<p><strong>Apr\u00e8s avoir chang\u00e9 la t\u00eate de la hi\u00e9rarchie, le Pr\u00e9sident Faye a chang\u00e9 l\u2019architecture de la Police nationale avec des nominations \u00e0 la S\u00e9curit\u00e9, au Gmi, \u00e0 la Daf et dans d\u2019autres services strat\u00e9giques.<\/strong><\/p>\n\n\n\n<p><strong>Par Justin GOMIS \u2013&nbsp;<\/strong>C\u2019est la grande valse de la Police nationale. Ndiarra S\u00e8ne, qui \u00e9tait jusqu\u2019ici directeur de l\u2019Office central de r\u00e9pression du trafic illicite des stup\u00e9fiants, est nomm\u00e9 directeur de la S\u00e9curit\u00e9 publique, en remplacement de Ibrahima Diop. Alors que Mamadou Ndour est le nouveau patron du Groupement mobile d\u2019intervention. Il est remplac\u00e9 par Mme Sanou Diouf \u00e0 la Direction de la formation de la Police nationale. C\u2019est le c\u0153ur de l\u2019op\u00e9rationnalit\u00e9 de la police qui a \u00e9t\u00e9 secou\u00e9 par les nouvelles autorit\u00e9s qui avaient nomm\u00e9 r\u00e9cemment Mame Seydou Ndour comme Directeur g\u00e9n\u00e9ral de la Police nationale.<\/p>\n\n\n\n<p>Modou Diagne est le nouveau Secr\u00e9taire permanent du Comit\u00e9 interminist\u00e9riel de lutte contre la migration irr\u00e9guli\u00e8re. Ibrahima Dieng est le directeur de l\u2019Automatisation des fichiers, en remplacement de Fiacre Bruno L\u00e9opold Badiane, admis \u00e0 faire valoir ses droits \u00e0 une pension de retraite. C\u2019est une suite logique des mesures prises il y a quelques jours apr\u00e8s le limogeage du Directeur g\u00e9n\u00e9ral des \u00e9lections, Tanor Thiendella Fall. Et Mamadou Lamine Niang est le nouveau directeur de la Police judiciaire, en remplacement de M. Idrissa Ciss\u00e9. Alassane Niane va driver l\u2019Office central de r\u00e9pression du trafic illicite des stup\u00e9fiants.<\/p>\n\n\n\n<p>Par ailleurs, la Direction de la Police de l\u2019air et des fronti\u00e8res, la Direction de la Police des \u00e9trangers et des titres de voyage, et la Direction des ressources humaines ont de nouveaux titulaires. C\u2019est le grand chamboulement en attendant\u2026<br><strong>justin@lequotidien.sn<\/strong><\/p>\n","protected":false},"excerpt":{"rendered":"<p>Apr\u00e8s avoir chang\u00e9 la t\u00eate de la hi\u00e9rarchie, le Pr\u00e9sident Faye a chang\u00e9 l\u2019architecture de la Police nationale avec des<\/p>\n","protected":false},"author":1,"featured_media":12821,"comment_status":"open","ping_status":"open","sticky":false,"template":"","format":"standard","meta":{"footnotes":""},"categories":[6],"tags":[],"class_list":["post-39466","post","type-post","status-publish","format-standard","has-post-thumbnail","hentry","category-politics"],"_links":{"self":[{"href":"https:\/\/dekkbi.com\/index.php?rest_route=\/wp\/v2\/posts\/39466","targetHints":{"allow":["GET"]}}],"collection":[{"href":"https:\/\/dekkbi.com\/index.php?rest_route=\/wp\/v2\/posts"}],"about":[{"href":"https:\/\/dekkbi.com\/index.php?rest_route=\/wp\/v2\/types\/post"}],"author":[{"embeddable":true,"href":"https:\/\/dekkbi.com\/index.php?rest_route=\/wp\/v2\/users\/1"}],"replies":[{"embeddable":true,"href":"https:\/\/dekkbi.com\/index.php?rest_route=%2Fwp%2Fv2%2Fcomments&post=39466"}],"version-history":[{"count":1,"href":"https:\/\/dekkbi.com\/index.php?rest_route=\/wp\/v2\/posts\/39466\/revisions"}],"predecessor-version":[{"id":39467,"href":"https:\/\/dekkbi.com\/index.php?rest_route=\/wp\/v2\/posts\/39466\/revisions\/39467"}],"wp:featuredmedia":[{"embeddable":true,"href":"https:\/\/dekkbi.com\/index.php?rest_route=\/wp\/v2\/media\/12821"}],"wp:attachment":[{"href":"https:\/\/dekkbi.com\/index.php?rest_route=%2Fwp%2Fv2%2Fmedia&parent=39466"}],"wp:term":[{"taxonomy":"category","embeddable":true,"href":"https:\/\/dekkbi.com\/index.php?rest_route=%2Fwp%2Fv2%2Fcategories&post=39466"},{"taxonomy":"post_tag","embeddable":true,"href":"https:\/\/dekkbi.com\/index.php?rest_route=%2Fwp%2Fv2%2Ftags&post=39466"}],"curies":[{"name":"wp","href":"https:\/\/api.w.org\/{rel}","templated":true}]}}