{"id":39461,"date":"2024-08-01T10:45:28","date_gmt":"2024-08-01T10:45:28","guid":{"rendered":"https:\/\/dekkbi.com\/?p=39461"},"modified":"2024-08-01T10:45:29","modified_gmt":"2024-08-01T10:45:29","slug":"limogeage-premature-de-lonas-dr-cheikh-dieng-emporte-par-une-gestion-usee-des-eaux","status":"publish","type":"post","link":"https:\/\/dekkbi.com\/?p=39461","title":{"rendered":"Limogeage pr\u00e9matur\u00e9 de l\u2019ONAS: Dr Cheikh Dieng emport\u00e9 par \u00ab\u00a0une gestion us\u00e9e\u00a0\u00bb des eaux ?"},"content":{"rendered":"\n<p>Grande a \u00e9t\u00e9 notre surprise en apprenant ce mercredi, \u00e0 l\u2019issue du conseil des ministres, le limogeage du Dr Cheikh Dieng, d\u00e9sormais ex-directeur de l\u2019office national de l\u2019assainissement du S\u00e9n\u00e9gal (ONAS). Fallait-il s\u2019y attendre r\u00e9ellement? Une question ayant comme r\u00e9ponse, la n\u00e9gation au regard du d\u00e9part de l\u2019actuel gouvernement qui a tenu \u00e0 fonder sa d\u00e9marche sur le slogan triptyque: \u00ab&nbsp;Jub Jubel Jub\u00ebnti&nbsp;\u00bb. \u00c0 l\u2019\u00e9tonnement g\u00e9n\u00e9ral, tout le monde s\u2019est demand\u00e9 : \u00ab&nbsp;qu\u2019est-ce qui a pu pousser Bassirou Diomaye Faye \u00e0 \u00e9jecter l\u2019ancien maire de Djiddah Thiaroye Kao qui a fini par s\u2019allier \u00e0 Sonko et Diomaye lors de la derni\u00e8re pr\u00e9sidentielle&nbsp;\u00bb? Qu\u2019est ce qui doit \u00eatre \u00e0 l\u2019origine de ce \u00ab&nbsp;d\u00e9samour&nbsp;\u00bb pr\u00e9matur\u00e9 qui, pourtant \u00e9tait bien parti ?&nbsp;<\/p>\n\n\n\n<p>Pour l\u2019heure, aucune indication ne confirme cette brusque d\u00e9cision qui cr\u00e9e le toll\u00e9 sur les r\u00e9seaux sociaux et \u00e9tonne plus d\u2019un. Toutefois, il faut se rappeler que, dans un pass\u00e9 r\u00e9cent, juste \u00e0 l\u2019arriv\u00e9e du Dr Cheikh Dieng, les travailleurs de l\u2019Onas ont arbor\u00e9 les brassards rouges pour fustiger la fa\u00e7on dont leur nouveau DG proc\u00e9dait aux audits en augmentant les charges de travail avec des gens qui n\u2019auraient aucune qualification relative aux m\u00e9tiers de l\u2019Onas. Ces agents d\u00e9non\u00e7aient entre autres m\u00eame, le client\u00e9lisme politique. Selon une source de Dakaractu, l\u2019ancien lib\u00e9ral serait impliqu\u00e9 dans une affaire de voiture re\u00e7u d\u2019un priv\u00e9.<\/p>\n\n\n\n<p>Mais est-ce que son limogeage serait-il en rapport seulement avec ce dossier? Myst\u00e8re et boule de gomme.&nbsp;<\/p>\n\n\n\n<p>Lors de son d\u00e9placement \u00e0 Saint-Louis, le premier ministre Ousmane Sonko avait demand\u00e9 au directeur g\u00e9n\u00e9ral d\u2019alors ( Cheikh Dieng, d\u00e9mis de ses fonctions), de lui fait un rapport d\u00e9taill\u00e9 sur l\u2019ex\u00e9cution financi\u00e8re du projet d\u2019assainissement de certains quartiers dans l\u2019ancienne capitale et dont le montant tournerait autour de 60 milliards.&nbsp;<\/p>\n\n\n\n<p>Expert en environnement, Dr Cheikh Dieng a \u00e9t\u00e9 d\u00e9sign\u00e9 directeur g\u00e9n\u00e9ral de l\u2019Onas le 25 avril dernier en remplacement de Mamadou Mamour Diallo. Il a \u00e9t\u00e9 purement et simplement remplac\u00e9 ce mercredi \u00e0 ce poste et n\u2019est aussi, pas appel\u00e9 \u00e0 d\u2019autres fonctions. Son alliance avec l\u2019actuel r\u00e9gime est-elle compromise? <\/p>\n\n\n\n<p>Wait and see.\u00a0<\/p>\n\n\n\n<p>SOURCE DAKARACTU<\/p>\n","protected":false},"excerpt":{"rendered":"<p>Grande a \u00e9t\u00e9 notre surprise en apprenant ce mercredi, \u00e0 l\u2019issue du conseil des ministres, le limogeage du Dr Cheikh<\/p>\n","protected":false},"author":1,"featured_media":39462,"comment_status":"open","ping_status":"open","sticky":false,"template":"","format":"standard","meta":{"footnotes":""},"categories":[21],"tags":[],"class_list":["post-39461","post","type-post","status-publish","format-standard","has-post-thumbnail","hentry","category-societe"],"_links":{"self":[{"href":"https:\/\/dekkbi.com\/index.php?rest_route=\/wp\/v2\/posts\/39461","targetHints":{"allow":["GET"]}}],"collection":[{"href":"https:\/\/dekkbi.com\/index.php?rest_route=\/wp\/v2\/posts"}],"about":[{"href":"https:\/\/dekkbi.com\/index.php?rest_route=\/wp\/v2\/types\/post"}],"author":[{"embeddable":true,"href":"https:\/\/dekkbi.com\/index.php?rest_route=\/wp\/v2\/users\/1"}],"replies":[{"embeddable":true,"href":"https:\/\/dekkbi.com\/index.php?rest_route=%2Fwp%2Fv2%2Fcomments&post=39461"}],"version-history":[{"count":1,"href":"https:\/\/dekkbi.com\/index.php?rest_route=\/wp\/v2\/posts\/39461\/revisions"}],"predecessor-version":[{"id":39463,"href":"https:\/\/dekkbi.com\/index.php?rest_route=\/wp\/v2\/posts\/39461\/revisions\/39463"}],"wp:featuredmedia":[{"embeddable":true,"href":"https:\/\/dekkbi.com\/index.php?rest_route=\/wp\/v2\/media\/39462"}],"wp:attachment":[{"href":"https:\/\/dekkbi.com\/index.php?rest_route=%2Fwp%2Fv2%2Fmedia&parent=39461"}],"wp:term":[{"taxonomy":"category","embeddable":true,"href":"https:\/\/dekkbi.com\/index.php?rest_route=%2Fwp%2Fv2%2Fcategories&post=39461"},{"taxonomy":"post_tag","embeddable":true,"href":"https:\/\/dekkbi.com\/index.php?rest_route=%2Fwp%2Fv2%2Ftags&post=39461"}],"curies":[{"name":"wp","href":"https:\/\/api.w.org\/{rel}","templated":true}]}}