{"id":39436,"date":"2024-07-31T11:39:18","date_gmt":"2024-07-31T11:39:18","guid":{"rendered":"https:\/\/dekkbi.com\/?p=39436"},"modified":"2024-07-31T11:39:19","modified_gmt":"2024-07-31T11:39:19","slug":"apres-100-jours-au-pouvoir-les-assisards-interpellent-le-president-faye-sur-ses-engagements","status":"publish","type":"post","link":"https:\/\/dekkbi.com\/?p=39436","title":{"rendered":"Apr\u00e8s 100 jours au pouvoir : Les Assisards interpellent le Pr\u00e9sident Faye sur ses engagements"},"content":{"rendered":"\n<p><strong>Depuis mardi, le collectif des mouvements citoyens engag\u00e9s pour l\u2019application des conclusions des Assises nationales et des recommandations de la Commission nationale de r\u00e9forme des institutions (CNRI) a exprim\u00e9 ses inqui\u00e9tudes concernant le respect des engagements du Pr\u00e9sident Bassirou Diomaye Faye.<\/strong><\/p>\n\n\n\n<p>Lors de la campagne, le candidat Bassirou Diomaye Faye avait sign\u00e9 le Pacte pour l\u2019application des Assises nationales, un document essentiel pour la bonne gouvernance d\u00e9mocratique au S\u00e9n\u00e9gal.<\/p>\n\n\n\n<p>Les membres du collectif, dont Mamadou Ndoye, ont exprim\u00e9 leurs pr\u00e9occupations face \u00e0 l\u2019absence de r\u00e9ponse du Pr\u00e9sident \u00e0 leurs correspondances, bien qu\u2019ils restent compr\u00e9hensifs quant aux d\u00e9fis auxquels le nouveau r\u00e9gime est confront\u00e9.<\/p>\n\n\n\n<p>Toutefois, ils appellent le Pr\u00e9sident \u00e0 honorer ses promesses et \u00e0 appliquer le Pacte, soulignant que cela constitue une demande sociale cruciale pour le pays.<\/p>\n\n\n\n<p>Par ailleurs, en d\u00e9but de ce mois, Bassirou Diomaye Faye a re\u00e7u les conclusions des assises de la justice, qui ont \u00e9t\u00e9 le fruit d\u2019un dialogue national rassemblant le gouvernement, l\u2019opposition, la soci\u00e9t\u00e9 civile et des experts judiciaires.\u00a0Le Pr\u00e9sident de la R\u00e9publique a affirm\u00e9 son intention de suivre les recommandations issues de ces discussions.<\/p>\n","protected":false},"excerpt":{"rendered":"<p>Depuis mardi, le collectif des mouvements citoyens engag\u00e9s pour l\u2019application des conclusions des Assises nationales et des recommandations de la<\/p>\n","protected":false},"author":1,"featured_media":39437,"comment_status":"open","ping_status":"open","sticky":false,"template":"","format":"standard","meta":{"footnotes":""},"categories":[6],"tags":[],"class_list":["post-39436","post","type-post","status-publish","format-standard","has-post-thumbnail","hentry","category-politics"],"_links":{"self":[{"href":"https:\/\/dekkbi.com\/index.php?rest_route=\/wp\/v2\/posts\/39436","targetHints":{"allow":["GET"]}}],"collection":[{"href":"https:\/\/dekkbi.com\/index.php?rest_route=\/wp\/v2\/posts"}],"about":[{"href":"https:\/\/dekkbi.com\/index.php?rest_route=\/wp\/v2\/types\/post"}],"author":[{"embeddable":true,"href":"https:\/\/dekkbi.com\/index.php?rest_route=\/wp\/v2\/users\/1"}],"replies":[{"embeddable":true,"href":"https:\/\/dekkbi.com\/index.php?rest_route=%2Fwp%2Fv2%2Fcomments&post=39436"}],"version-history":[{"count":1,"href":"https:\/\/dekkbi.com\/index.php?rest_route=\/wp\/v2\/posts\/39436\/revisions"}],"predecessor-version":[{"id":39438,"href":"https:\/\/dekkbi.com\/index.php?rest_route=\/wp\/v2\/posts\/39436\/revisions\/39438"}],"wp:featuredmedia":[{"embeddable":true,"href":"https:\/\/dekkbi.com\/index.php?rest_route=\/wp\/v2\/media\/39437"}],"wp:attachment":[{"href":"https:\/\/dekkbi.com\/index.php?rest_route=%2Fwp%2Fv2%2Fmedia&parent=39436"}],"wp:term":[{"taxonomy":"category","embeddable":true,"href":"https:\/\/dekkbi.com\/index.php?rest_route=%2Fwp%2Fv2%2Fcategories&post=39436"},{"taxonomy":"post_tag","embeddable":true,"href":"https:\/\/dekkbi.com\/index.php?rest_route=%2Fwp%2Fv2%2Ftags&post=39436"}],"curies":[{"name":"wp","href":"https:\/\/api.w.org\/{rel}","templated":true}]}}