{"id":39425,"date":"2024-07-31T11:13:55","date_gmt":"2024-07-31T11:13:55","guid":{"rendered":"https:\/\/dekkbi.com\/?p=39425"},"modified":"2024-07-31T11:13:55","modified_gmt":"2024-07-31T11:13:55","slug":"jamai-aboubakr-la-france-a-toujours-ete-le-bouclier-du-maroc-au-conseil-de-securite-de-lonu","status":"publish","type":"post","link":"https:\/\/dekkbi.com\/?p=39425","title":{"rendered":"Jama\u00ef Aboubakr: \u00abLa France a toujours \u00e9t\u00e9 le bouclier du Maroc au Conseil de s\u00e9curit\u00e9\u00bb de l&rsquo;ONU"},"content":{"rendered":"\n<p>(RFI) Apr\u00e8s avoir r\u00e9sist\u00e9 pendant longtemps, la France vient de rejoindre les nombreux pays occidentaux qui ont d\u00e9cid\u00e9 de s&rsquo;aligner sur la position marocaine concernant le Sahara occidental, dans une lettre envoy\u00e9e par Emmanuel Macron au roi Mohammed VI. Qu&rsquo;est-ce qui a pouss\u00e9 le pr\u00e9sident fran\u00e7ais \u00e0 changer son fusil d&rsquo;\u00e9paule ? Quelles cons\u00e9quences sur ses relations avec le Maroc et l&rsquo;Alg\u00e9rie ? Jama\u00ef Aboubakr, sp\u00e9cialiste du Maghreb et professeur des relations internationales \u00e0 Aix-en-Provence, estime que c&rsquo;est un grand pas, mais pas encore suffisant. Il est l\u2019invit\u00e9 d\u2019Esdras Ndikumana.<\/p>\n\n\n\n<p><strong>RFI&nbsp;: Jama\u00ef Aboubakr<\/strong>,&nbsp;<strong>l&rsquo;information a \u00e9t\u00e9 confirm\u00e9e ce 30 juillet 2024 \u00e0 l&rsquo;occasion de la F\u00eate du Tr\u00f4ne au Maroc&nbsp;: la France s\u2019aligne d\u00e9sormais sur la position marocaine sur le Sahara occidental. Peut-on parler d&rsquo;une grande victoire pour la diplomatie marocaine ?<\/strong><\/p>\n\n\n\n<p><strong>Jama\u00ef Aboubakr<\/strong>&nbsp;: C&rsquo;est certainement une victoire. Mais de l\u00e0 \u00e0 l&rsquo;appeler \u00ab&nbsp;une grande victoire&nbsp;\u00bb, je serais un peu plus circonspect. D&rsquo;abord, pour moi, ce n&rsquo;est pas un changement extr\u00eamement important de la position fran\u00e7aise, parce que la France a toujours \u00e9t\u00e9 le bouclier du Maroc au Conseil de s\u00e9curit\u00e9. \u00c0 chaque fois que le Maroc voulait faire \u00e9voluer une situation en sa faveur, le premier pays qui le d\u00e9fendait, c&rsquo;\u00e9tait la France, a commenc\u00e9 d&rsquo;ailleurs par le plan d&rsquo;autonomie.<\/p>\n\n\n\n<p>Le deuxi\u00e8me point qui est tr\u00e8s important&nbsp;: il faut lire ce qu&rsquo;a dit Macron dans sa lettre jusqu&rsquo;au bout. Il parle du fait que le cadre de la r\u00e9solution du conflit reste le processus onusien et il parle d&rsquo;une solution n\u00e9goci\u00e9e. C&rsquo;est-\u00e0-dire que \u00e7a aurait \u00e9t\u00e9 un v\u00e9ritable changement si demain, la France, pr\u00e9sente un projet de r\u00e9solution au Conseil de s\u00e9curit\u00e9 onusien en demandant le rejet de l&rsquo;autod\u00e9termination. L\u00e0, je dirais \u00ab&nbsp;oui&nbsp;\u00bb, il y a une vraie \u00e9volution.<\/p>\n\n\n\n<p><strong>La France avait pendant longtemps refus\u00e9 de franchir ce pas. Qu&rsquo;est-ce qui explique aujourd&rsquo;hui que ce pas en avant soit fait ?<\/strong><\/p>\n\n\n\n<p>Je pense que la pression marocaine a jou\u00e9. Je pense que le fait que la diplomatie marocaine est devenue beaucoup plus dure dans sa d\u00e9fense du plan d&rsquo;autonomie et de la souverainet\u00e9 marocaine sur le Sahara, pour ne pas dire agressive \u2013 mais bon, \u00e7a, \u00e7a peut se comprendre \u2013 a jou\u00e9. Je pense que la France est en recul diplomatique en r\u00e8gle g\u00e9n\u00e9rale en Afrique, notamment par rapport aux pays du Sahel, que le Maroc a toujours \u00e9t\u00e9 un alli\u00e9 ind\u00e9fectible de la France, et il y a une connivence r\u00e9gime-r\u00e9gime qui commen\u00e7ait \u00e0 s&rsquo;amenuiser et \u00e0 d\u00e9p\u00e9rir ces derni\u00e8res ann\u00e9es, en raison des m\u00e9sententes, des incompr\u00e9hensions qui s&rsquo;accumulent depuis le d\u00e9but des ann\u00e9es 2010, je dirais. Il \u00e9tait important pour la France de maintenir des relations solides avec le Maroc pour ces raisons-l\u00e0.<\/p>\n\n\n\n<p><strong>Est-ce qu&rsquo;il n\u2019y a pas \u00e9galement des int\u00e9r\u00eats \u00e9conomiques en jeu ?<\/strong><\/p>\n\n\n\n<p>Oui. Alors c&rsquo;est un aspect important. Je vous donne un exemple tr\u00e8s simple&nbsp;: le Maroc est tr\u00e8s fier de parler de l&rsquo;\u00e9volution de son \u00e9conomie vers plus d&rsquo;industrialisation. Et cela porte un nom et un seul&nbsp;: c&rsquo;est l&rsquo;industrie automobile. Or, qui sont les deux entreprises qui permettent au Maroc justement d&rsquo;avoir un tel d\u00e9veloppement dans son industrie automobile&nbsp;? C\u2019est Renault et Stellantis qui sont des entreprises, pas totalement fran\u00e7aises, mais tr\u00e8s fran\u00e7aises. L&rsquo;interp\u00e9n\u00e9tration entre le capitalisme fran\u00e7ais et le capitalisme marocain est tr\u00e8s forte, \u00e0 commencer par le roi lui-m\u00eame. Vous savez que le roi est en affaires avec l&rsquo;\u00c9tat fran\u00e7ais, lui en tant que personnage priv\u00e9. Donc, si vous voulez, il y a une telle interp\u00e9n\u00e9tration d&rsquo;int\u00e9r\u00eats, et notamment aux b\u00e9n\u00e9fices des Fran\u00e7ais, qui faisait que la France avait besoin de maintenir cette relation.<\/p>\n\n\n\n<p><strong>Est-ce que cette d\u00e9cision ne signifie pas que Paris a d\u00e9cid\u00e9 de sacrifier, quelque part, sa relation avec Alger&nbsp;?<\/strong><\/p>\n\n\n\n<p>Je ne pense pas que la France peut se permettre de sacrifier sa relation avec l\u2019Alg\u00e9rie, parce que l&rsquo;Alg\u00e9rie est un pays qui est \u00ab&nbsp;plus riche&nbsp;\u00bb que le Maroc, par d\u00e9finition, gr\u00e2ce au gaz et au p\u00e9trole. Je ne parle m\u00eame pas des liens historiques, mais m\u00eame des liens d&rsquo;aujourd&rsquo;hui, la communaut\u00e9 alg\u00e9rienne en France\u2026 Tout \u00e7a fait que, m\u00eame si les relations ne seront probablement pas aussi bonnes qu\u2019elles sont m\u00eame aujourd&rsquo;hui avec le Maroc, je ne pense pas que les preneurs de d\u00e9cisions \u00e0 Paris puissent agir comme si l&rsquo;Alg\u00e9rie \u00e9tait un pays perdu pour eux d&rsquo;un point de vue \u00e9conomique, diplomatique, m\u00eame si c&rsquo;est une relation qui est extr\u00eamement difficile avec un r\u00e9gime alg\u00e9rien qui est autrement plus rev\u00eache.<\/p>\n\n\n\n<p>Je pense que leurs int\u00e9r\u00eats leur commandent d&rsquo;essayer de maintenir un minimum d&rsquo;\u00e9quilibre. Donc, je ne pense pas que les Fran\u00e7ais puissent raisonner de fa\u00e7on binaire&nbsp;: \u00e0 savoir ou c&rsquo;est le Maroc ou c&rsquo;est l\u2019Alg\u00e9rie.<\/p>\n\n\n\n<p><strong>Est-ce qu&rsquo;Alger ne risque pas de le prendre mal ?<\/strong><\/p>\n\n\n\n<p>Les Alg\u00e9riens vont \u00e9videmment le prendre mal. Ils l&rsquo;ont d\u00e9j\u00e0 mal pris. Il faut quand m\u00eame observer que les premiers qui ont annonc\u00e9 ce virage, ce sont les m\u00e9dias officiels alg\u00e9riens qui ont parl\u00e9 de ce revirement en France, avant le cabinet Royal marocain et avant la pr\u00e9sidence fran\u00e7aise.<\/p>\n\n\n\n<p>Le souhait des Alg\u00e9riens, c&rsquo;est \u00e9videmment la R\u00e9publique sahraouie, le Sahara occidental qui devient ind\u00e9pendant, etc. C&rsquo;est l&rsquo;\u00e9vidence m\u00eame. Donc, tout ce qui peut pousser \u00e0 la roue en faveur de la position marocaine leur d\u00e9pla\u00eet.<\/p>\n\n\n\n<p><strong>Est-ce que quelque part, le Maroc n&rsquo;a pas b\u00e9n\u00e9fici\u00e9 de la perte d&rsquo;influence de l&rsquo;Alg\u00e9rie au cours des derni\u00e8res d\u00e9cennies ?<\/strong><\/p>\n\n\n\n<p>Je ne sais pas s&rsquo;il y a une perte d&rsquo;influence de l&rsquo;Alg\u00e9rie, parce que si on devait parler par exemple de l&rsquo;Afrique, il faut se rappeler que quand le Maroc a d\u00e9cid\u00e9 de r\u00e9int\u00e9grer ce qui est devenu l&rsquo;Union africaine, cette d\u00e9cision a \u00e9t\u00e9 prise bas\u00e9e sur l&rsquo;id\u00e9e que du moment que le Maroc va r\u00e9int\u00e9grer l&rsquo;Union africaine, les pays africains vont expulser la R\u00e9publique sahraouie de l&rsquo;Union africaine. Jusqu&rsquo;\u00e0 aujourd&rsquo;hui, il y a eu quelques \u00e9volutions, mais elles restent marginales puisque les mastodontes g\u00e9ostrat\u00e9giques de l&rsquo;Afrique ne sont toujours pas du c\u00f4t\u00e9 marocain et restent plut\u00f4t du c\u00f4t\u00e9 de de la R\u00e9publique sahraouie.<\/p>\n","protected":false},"excerpt":{"rendered":"<p>(RFI) Apr\u00e8s avoir r\u00e9sist\u00e9 pendant longtemps, la France vient de rejoindre les nombreux pays occidentaux qui ont d\u00e9cid\u00e9 de s&rsquo;aligner<\/p>\n","protected":false},"author":1,"featured_media":39426,"comment_status":"open","ping_status":"open","sticky":false,"template":"","format":"standard","meta":{"footnotes":""},"categories":[6],"tags":[],"class_list":["post-39425","post","type-post","status-publish","format-standard","has-post-thumbnail","hentry","category-politics"],"_links":{"self":[{"href":"https:\/\/dekkbi.com\/index.php?rest_route=\/wp\/v2\/posts\/39425","targetHints":{"allow":["GET"]}}],"collection":[{"href":"https:\/\/dekkbi.com\/index.php?rest_route=\/wp\/v2\/posts"}],"about":[{"href":"https:\/\/dekkbi.com\/index.php?rest_route=\/wp\/v2\/types\/post"}],"author":[{"embeddable":true,"href":"https:\/\/dekkbi.com\/index.php?rest_route=\/wp\/v2\/users\/1"}],"replies":[{"embeddable":true,"href":"https:\/\/dekkbi.com\/index.php?rest_route=%2Fwp%2Fv2%2Fcomments&post=39425"}],"version-history":[{"count":1,"href":"https:\/\/dekkbi.com\/index.php?rest_route=\/wp\/v2\/posts\/39425\/revisions"}],"predecessor-version":[{"id":39427,"href":"https:\/\/dekkbi.com\/index.php?rest_route=\/wp\/v2\/posts\/39425\/revisions\/39427"}],"wp:featuredmedia":[{"embeddable":true,"href":"https:\/\/dekkbi.com\/index.php?rest_route=\/wp\/v2\/media\/39426"}],"wp:attachment":[{"href":"https:\/\/dekkbi.com\/index.php?rest_route=%2Fwp%2Fv2%2Fmedia&parent=39425"}],"wp:term":[{"taxonomy":"category","embeddable":true,"href":"https:\/\/dekkbi.com\/index.php?rest_route=%2Fwp%2Fv2%2Fcategories&post=39425"},{"taxonomy":"post_tag","embeddable":true,"href":"https:\/\/dekkbi.com\/index.php?rest_route=%2Fwp%2Fv2%2Ftags&post=39425"}],"curies":[{"name":"wp","href":"https:\/\/api.w.org\/{rel}","templated":true}]}}