{"id":39418,"date":"2024-07-31T11:03:23","date_gmt":"2024-07-31T11:03:23","guid":{"rendered":"https:\/\/dekkbi.com\/?p=39418"},"modified":"2024-07-31T11:10:47","modified_gmt":"2024-07-31T11:10:47","slug":"venezuela-lopposition-continue-a-se-mobiliser-malgre-la-repression-qui-a-fait-une-douzaine-de-morts","status":"publish","type":"post","link":"https:\/\/dekkbi.com\/?p=39418","title":{"rendered":"Venezuela: l\u2019opposition continue \u00e0 se mobiliser \u00e0 Caracas. malgr\u00e9 la r\u00e9pression qui a fait une douzaine de morts"},"content":{"rendered":"\n<p>La cheffe de file de l\u2019opposition a appel\u00e9 mardi 30 juillet \u00e0 un grand rassemblement pacifique et plusieurs milliers de V\u00e9n\u00e9zu\u00e9liens ont r\u00e9pondu pr\u00e9sent \u00e0 Caracas. Cela pour proclamer celui qu\u2019ils consid\u00e8rent comme le vainqueur de la pr\u00e9sidentielle, Edmundo Gonzalez, et interpeller l\u2019arm\u00e9e et le pouvoir de Nicolas Maduro. Tout s\u2019est d\u2019abord d\u00e9roul\u00e9 dans le calme, mais apr\u00e8s le rassemblement, des \u00e9chauffour\u00e9es ont \u00e9clat\u00e9 avec les forces de l\u2019ordre. Les tensions et violences ont men\u00e9 \u00e0 la mort d\u2019une douzaine de personnes et des arrestations massives.<\/p>\n\n\n\n<p>Aux cris de \u00ab\u00a0<em>Libert\u00e9, libert\u00e9!<\/em>\u00a0\u00bb, des sympathisants du candidat Edmundo Gonzalez Urrutia et de la cheffe de l&rsquo;opposition Maria Corina Machado se sont rassembl\u00e9s \u00e0 Caracas et dans d&rsquo;autres villes du pays pour contester la r\u00e9\u00e9lection annonc\u00e9e de\u00a0<strong>Nicolas Maduro<\/strong>\u00a0pour un troisi\u00e8me mandat. Cela apr\u00e8s l\u2019hymne national, avec lequel le rassemblement de l\u2019opposition a d\u00e9marr\u00e9 dans le quartier de Los Palos Grandes, dans l\u2019est de Caracas, rapporte notre correspondante \u00e0 Caracas,\u00a0<strong>Alice Campaignolle<\/strong>.<\/p>\n\n\n\n<p>Les manifestants, des zones cossues de la ville, se sont r\u00e9unis dans le calme, l\u2019heure \u00e9tait \u00e0 l\u2019apaisement apr\u00e8s les tensions de la veille, comme une manifestante&nbsp;: \u00ab&nbsp;<em>Nous voulons un changement, mais un changement pacifique, et de cette dictature, nous allons en sortir par le vote ! Ceci est une d\u00e9monstration civique.<\/em>&nbsp;\u00bb<\/p>\n\n\n\n<p>Maria Corina Machado est parvenue \u00e0 mobiliser, des milliers de manifestants ont r\u00e9pondu pr\u00e9sent, conscients que ce rassemblement n\u2019\u00e9tait certainement que le premier d\u2019une longue s\u00e9rie.<\/p>\n\n\n\n<p>Le candidat Edmundo Gonzalez Urrutia, un diplomate discret de 74 ans qui a remplac\u00e9 comme candidat Maria Corina Machado d\u00e9clar\u00e9e in\u00e9ligible, a interpell\u00e9 directement les forces arm\u00e9es. \u00ab\u00a0<em>Il n&rsquo;y a aucune raison de r\u00e9primer le peuple du\u00a0<strong>Venezuela<\/strong><\/em>\u00a0\u00bb, a-t-il lanc\u00e9 devant ses sympathisants dans la capitale.<\/p>\n\n\n\n<p>\u00ab&nbsp;<em>Cela bouge beaucoup en ce moment, et c\u2019est une tr\u00e8s bonne nouvelle car c\u2019est de cela dont nous avions besoin, m\u00eame s\u2019il nous reste du chemin \u00e0 parcourir<\/em>, se r\u00e9jouit un manifestant<em>. Mais on ne perd pas l\u2019espoir, on ira jusqu\u2019au bout !<\/em>&nbsp;\u00bb<\/p>\n\n\n\n<p>\u00c0 la fin du meeting des tensions ont \u00e9clat\u00e9 avec les forces de l\u2019ordre. Et dans certains quartiers populaires les milices pro gouvernement ont intimid\u00e9 les habitants en imposant un couvre-feu. La ville s\u2019est \u00e9teinte \u00e0 la tomb\u00e9e de la nuit.<\/p>\n\n\n\n<p>Un opposant raconte les rassemblementsAlice Campaignolle<\/p>\n\n\n\n<h2 class=\"wp-block-heading\">Maduro accuse l\u2019opposition d&rsquo;\u00eatre \u00ab&nbsp;<em>responsable de la violence criminelle<\/em>&nbsp;\u00bb<\/h2>\n\n\n\n<p>Nicolas Maduro a accus\u00e9 l&rsquo;opposition d&rsquo;\u00eatre \u00ab&nbsp;<em>responsable de la violence criminelle<\/em>&nbsp;\u00bb, lors d&rsquo;une r\u00e9union regroupant les plus hautes instances dirigeantes. \u00ab&nbsp;<em>La justice passera contre les diables et les d\u00e9mons<\/em>&nbsp;\u00bb, a-t-il averti devant plusieurs centaines de personnes qui ont march\u00e9 jusqu&rsquo;au palais pr\u00e9sidentiel pour lui apporter leur soutien. Il a tonn\u00e9 contre \u00ab&nbsp;<em>le fascisme<\/em>&nbsp;\u00bb et cibl\u00e9 son rival, le traitant de \u00ab&nbsp;<em>Monsieur le l\u00e2che<\/em>&nbsp;\u00bb.<\/p>\n\n\n\n<p>Le pr\u00e9sident de l&rsquo;Assembl\u00e9e nationale, Jorge Rodriguez, a lui estim\u00e9 que \u00ab&nbsp;<em>Maria Corina et Edmundo doivent \u00eatre arr\u00eat\u00e9s. On ne n\u00e9gocie pas avec le fascisme, on applique toute la rigueur des lois de la R\u00e9publique<\/em>&nbsp;\u00bb.<\/p>\n\n\n\n<h2 class=\"wp-block-heading\">Au moins 11 morts, la fondation Carter qui a observ\u00e9 le scrutin d\u00e9nonce un scrutin qui ne pouvait&nbsp;\u00ab&nbsp;<em>\u00eatre consid\u00e9r\u00e9 comme d\u00e9mocratique<\/em>&nbsp;\u00bb<\/h2>\n\n\n\n<p>Depuis lundi, le bilan des manifestations est d&rsquo;au moins 11 civils tu\u00e9s, dont deux mineurs, selon quatre ONG de d\u00e9fense des droits humains. Alfredo Romero, responsable de l&rsquo;ONG Forum p\u00e9nal, s&rsquo;est inqui\u00e9t\u00e9 de \u00ab&nbsp;<em>l&rsquo;usage d&rsquo;armes \u00e0 feu<\/em>&nbsp;\u00bb. Le procureur g\u00e9n\u00e9ral Tarek William Saab a fait \u00e9tat d&rsquo;une 12e victime, un militaire tu\u00e9 par balle. L&rsquo;Enqu\u00eate nationale sur les h\u00f4pitaux, une ONG, a d\u00e9nombr\u00e9 84 bless\u00e9s civils, tandis que le minist\u00e8re de la D\u00e9fense a enregistr\u00e9 23 militaires bless\u00e9s.<\/p>\n\n\n\n<p>Le parquet a fait savoir que \u00ab&nbsp;<em>749 d\u00e9linquants<\/em>&nbsp;\u00bb avaient \u00e9t\u00e9 arr\u00eat\u00e9s dans le cadre des manifestations, certains pour \u00ab&nbsp;<em>terrorisme<\/em>&nbsp;\u00bb.<\/p>\n\n\n\n<p>Dans ce contexte, l&rsquo;opposition d\u00e9nonce une \u00ab&nbsp;<em>escalade de la r\u00e9pression<\/em>&nbsp;\u00bb et a annonc\u00e9 l&rsquo;arrestation d&rsquo;un de ses cadres, Freddy Superlano.<\/p>\n\n\n\n<p>Washington a jug\u00e9 mardi \u00ab&nbsp;<em>inacceptable<\/em>&nbsp;\u00bb la r\u00e9pression et le Haut-commissaire des Nations unies aux droits de l&rsquo;homme, Volker T\u00fcrk, s&rsquo;est dit \u00ab&nbsp;<em>extr\u00eamement inquiet<\/em>&nbsp;\u00bb. La fondation Carter, dont les observateurs ont suivi le scrutin, a d\u00e9clar\u00e9 que la pr\u00e9sidentielle v\u00e9n\u00e9zu\u00e9lienne ne pouvait \u00ab&nbsp;<em>\u00eatre consid\u00e9r\u00e9e comme d\u00e9mocratique<\/em>&nbsp;\u00bb.<\/p>\n\n\n\n<p>Le chef de la diplomatie de l&rsquo;<strong>Union europ\u00e9enne<\/strong>,\u00a0<strong>Josep Borrell<\/strong>, a r\u00e9clam\u00e9 \u00ab\u00a0<em>le plein respect<\/em>\u00a0\u00bb du droit de manifester.<\/p>\n\n\n\n<h2 class=\"wp-block-heading\">Caracas rompt ses relations avec le P\u00e9rou et retire son personnel diplomatique de sept pays<\/h2>\n\n\n\n<p>En Am\u00e9rique latine, c&rsquo;est une onde de choc. L&rsquo;Organisation des \u00c9tats am\u00e9ricains (OEA) a d\u00e9nonc\u00e9 \u00ab\u00a0<em>une manipulation aberrante<\/em>\u00a0\u00bb lors du scrutin. Puis neuf pays d&rsquo;Am\u00e9rique latine (<strong>Argentine<\/strong>,\u00a0<strong>Costa Rica<\/strong>, Equateur, Guatemala, Panama, Paraguay, P\u00e9rou, R\u00e9publique dominicaine,\u00a0<strong>Uruguay<\/strong>) ont appel\u00e9 dans une d\u00e9claration commune \u00e0 un \u00ab\u00a0<em>r\u00e9examen complet avec la pr\u00e9sence d&rsquo;observateurs \u00e9lectoraux ind\u00e9pendants<\/em>\u00a0\u00bb.<\/p>\n\n\n\n<p>En repr\u00e9sailles, Caracas a retir\u00e9 son personnel diplomatique de sept pays latino-am\u00e9ricains et rompu ses relations avec le\u00a0<strong>P\u00e9rou<\/strong>\u00a0qui a reconnu le candidat d&rsquo;opposition comme pr\u00e9sident \u00ab\u00a0<em>l\u00e9gitime<\/em>\u00a0\u00bb.<\/p>\n\n\n\n<p>Le Costa Rica a offert l&rsquo;asile politique \u00e0 Edmundo Gonzalez Urrutia, comme \u00e0 l&rsquo;opposante en chef Maria Corina Machado.<\/p>\n\n\n\n<p>Le Panama va pour sa part suspendre ses vols \u00e0 destination du Venezuela, en r\u00e9ponse \u00e0 une mesure similaire prise la veille par Caracas.<\/p>\n\n\n\n<p>Le pr\u00e9sident mexicain de gauche Andr\u00e9s Manuel Lopez Obrador, de son c\u00f4t\u00e9, a demand\u00e9 de \u00ab&nbsp;<em>ne pas se m\u00ealer<\/em>&nbsp;\u00bb des affaires du Venezuela, tout en plaidant pour la transparence sur les r\u00e9sultats.<\/p>\n\n\n\n<p>L\u2019Argentine d\u00e9nonce un harc\u00e8lement contre son personnel diplomatique \u00e0 Caracas<\/p>\n\n\n\n<p><strong>L\u2019Argentine, elle, a d\u00e9nonc\u00e9 mardi 30 juillet le harc\u00e8lement contre son personnel diplomatique, apr\u00e8s que le gouvernement de Nicolas Maduro a donn\u00e9 lundi 72h aux diplomates de 7 pays latino-am\u00e9ricains dont l\u2019Argentine pour quitter le Venezuela. L\u2019ambassade argentine abrite six membres de l\u2019opposition v\u00e9n\u00e9zu\u00e9lienne, tous proches de Maria Corina Machado.<\/strong><\/p>\n\n\n\n<p><em>Avec Th\u00e9o Conscience correspondant RFI \u00e0 Buenos Aires,<\/em>\u00a0<\/p>\n\n\n\n<p>Dans un communiqu\u00e9 publi\u00e9 mardi, le minist\u00e8re argentin des Affaires \u00e9trang\u00e8res a d\u00e9nonc\u00e9 la coupure de courant qui a touch\u00e9 son ambassade \u00e0 Caracas. Buenos Aires a mis en garde contre \u00ab&nbsp;<em>toute action d\u00e9lib\u00e9r\u00e9e mettant en danger la s\u00e9curit\u00e9 du personnel diplomatique argentin et des citoyens v\u00e9n\u00e9zu\u00e9liens sous la protection<\/em>&nbsp;\u00bb de l&rsquo;ambassade.<\/p>\n\n\n\n<p>Depuis le mois de mars, six membres de l\u2019opposition proches de Maria Corina Machado y sont r\u00e9fugi\u00e9s. Lundi, l\u2019un d\u2019entre eux avaient d\u00e9nonc\u00e9 que des hommes cagoul\u00e9s membres des forces de s\u00e9curit\u00e9 v\u00e9n\u00e9zu\u00e9liennes avaient pris position devant l\u2019ambassade avait de se retirer.<\/p>\n\n\n\n<p>Le m\u00eame jour, Caracas avait donn\u00e9 72h au personnel diplomatique argentin pour quitter le pays apr\u00e8s la d\u00e9cision de Buenos Aires de ne pas reconnaitre les r\u00e9sultats de l\u2019\u00e9lection pr\u00e9sidentielle. Caracas a pr\u00e9cis\u00e9 que les diplomates argentins pourraient quitter le pays en toute s\u00e9curit\u00e9, mais que cette garantie ne s\u2019appliquait pas aux 6 membres de l\u2019opposition v\u00e9n\u00e9zu\u00e9lienne r\u00e9fugi\u00e9s \u00e0 l\u2019ambassade.<\/p>\n\n\n\n<p>Une position d\u00e9nonc\u00e9e par la ministre des Affaires \u00e9trang\u00e8res argentine Diano Mondino qui a estim\u00e9 qu\u2019en vertu de la convention sur l\u2019asile diplomatique, le Venezuela avait l\u2019obligation de les laisser partir.&nbsp;<\/p>\n","protected":false},"excerpt":{"rendered":"<p>La cheffe de file de l\u2019opposition a appel\u00e9 mardi 30 juillet \u00e0 un grand rassemblement pacifique et plusieurs milliers de<\/p>\n","protected":false},"author":1,"featured_media":39419,"comment_status":"open","ping_status":"open","sticky":false,"template":"","format":"standard","meta":{"footnotes":""},"categories":[51],"tags":[],"class_list":["post-39418","post","type-post","status-publish","format-standard","has-post-thumbnail","hentry","category-general"],"_links":{"self":[{"href":"https:\/\/dekkbi.com\/index.php?rest_route=\/wp\/v2\/posts\/39418","targetHints":{"allow":["GET"]}}],"collection":[{"href":"https:\/\/dekkbi.com\/index.php?rest_route=\/wp\/v2\/posts"}],"about":[{"href":"https:\/\/dekkbi.com\/index.php?rest_route=\/wp\/v2\/types\/post"}],"author":[{"embeddable":true,"href":"https:\/\/dekkbi.com\/index.php?rest_route=\/wp\/v2\/users\/1"}],"replies":[{"embeddable":true,"href":"https:\/\/dekkbi.com\/index.php?rest_route=%2Fwp%2Fv2%2Fcomments&post=39418"}],"version-history":[{"count":2,"href":"https:\/\/dekkbi.com\/index.php?rest_route=\/wp\/v2\/posts\/39418\/revisions"}],"predecessor-version":[{"id":39424,"href":"https:\/\/dekkbi.com\/index.php?rest_route=\/wp\/v2\/posts\/39418\/revisions\/39424"}],"wp:featuredmedia":[{"embeddable":true,"href":"https:\/\/dekkbi.com\/index.php?rest_route=\/wp\/v2\/media\/39419"}],"wp:attachment":[{"href":"https:\/\/dekkbi.com\/index.php?rest_route=%2Fwp%2Fv2%2Fmedia&parent=39418"}],"wp:term":[{"taxonomy":"category","embeddable":true,"href":"https:\/\/dekkbi.com\/index.php?rest_route=%2Fwp%2Fv2%2Fcategories&post=39418"},{"taxonomy":"post_tag","embeddable":true,"href":"https:\/\/dekkbi.com\/index.php?rest_route=%2Fwp%2Fv2%2Ftags&post=39418"}],"curies":[{"name":"wp","href":"https:\/\/api.w.org\/{rel}","templated":true}]}}