{"id":39368,"date":"2024-07-31T09:20:44","date_gmt":"2024-07-31T09:20:44","guid":{"rendered":"https:\/\/dekkbi.com\/?p=39368"},"modified":"2024-07-31T09:21:11","modified_gmt":"2024-07-31T09:21:11","slug":"mise-en-oeuvre-du-pacte-de-bonne-gouvernance-democratique-la-societe-civile-presse-diomaye","status":"publish","type":"post","link":"https:\/\/dekkbi.com\/?p=39368","title":{"rendered":"Mise en \u0153uvre du pacte de bonne gouvernance d\u00e9mocratique : la soci\u00e9t\u00e9 civile presse Diomaye"},"content":{"rendered":"\n<p><strong>Les membres de la soci\u00e9t\u00e9 civile regroup\u00e9s autour du Collectif des mouvements engag\u00e9s pour l\u2019application des conclusions des Assises Nationales\u00a0<em>(AN 2008\/2009)\u00a0<\/em>ainsi que des recommandations de la Commission Nationale de R\u00e9forme des Institutions\u00a0<em>(CNRI\/2013)<\/em>\u00a0s\u2019interrogent autour du flou qui entoure la volont\u00e9 du nouveau r\u00e9gime d\u2019honorer son engagement \u00e0 mettre en \u0153uvre le Pacte de bonne gouvernance d\u00e9mocratique, un contrat social articul\u00e9 autour des conclusions des Assises nationales et des recommandations de la Cnri. <\/strong><\/p>\n\n\n\n<p><strong>Face \u00e0 la presse hier, mardi 30 juillet, ledit collectif a rappel\u00e9 que les engagements pris par les 13 candidats \u00e0 l\u2019\u00e9lection pr\u00e9sidentielle consistaient \u00e0 traduire les principes, valeurs et objectifs du Pacte en plan d\u2019action \u00e0 r\u00e9aliser dans le courant de la premi\u00e8re ann\u00e9e de leur mandat.<\/strong><\/p>\n\n\n\n<p><strong>&nbsp;<\/strong>Ils \u00e9taient 13 candidats dont l\u2019actuel chef de l\u2019Etat, Bassirou Diomaye Diakhar Faye, \u00e0 avoir pris l\u2019engagement une fois \u00e9lu pr\u00e9sident de la R\u00e9publique, de mettre en \u0153uvre le Pacte de bonne gouvernance d\u00e9mocratique. En ce qui la concerne, la soci\u00e9t\u00e9 civile r\u00e9unie autour du Collectif des mouvements engag\u00e9s pour l\u2019application des conclusions des Assises Nationales&nbsp;<em>(AN 2008\/2009)&nbsp;<\/em>ainsi que des recommandations de la Commission Nationale de R\u00e9forme des Institutions&nbsp;<em>(CNRI\/2013)<\/em>&nbsp;a \u00e9galement pris l\u2019engagement \u00e9crit d\u2019accompagner l\u2019\u00e9valuation et la promotion de la demande citoyenne et \u00e0 concourir \u00e0 son \u00e9laboration et sa formulation. C\u2019est ainsi que pour se conformer \u00e0 la redevabilit\u00e9 mutuelle de suivi, le collectif informe avoir adress\u00e9, d\u00e8s le 25 mars 2024, donc avant m\u00eame la proclamation officielle des r\u00e9sultats, une lettre de f\u00e9licitations au nouveau pr\u00e9sident \u00e9lu avec une demande d\u2019audience pour un entretien sur le Pacte. N\u2019ayant pas re\u00e7u un retour, le collectif de la soci\u00e9t\u00e9 civile a r\u00e9cidiv\u00e9 avec une seconde lettre adress\u00e9e au pr\u00e9sident de la R\u00e9publique en date du 19 avril 2024, juste apr\u00e8s son installation pour cette fois saluer les premi\u00e8res mesures prises par le gouvernement allant dans le sens du Pacte et \u00e9galement pour r\u00e9it\u00e9rer sa demande d\u2019audience. Toutefois, apr\u00e8s plus de 100 jours, les membres du collectif disent toujours \u00eatre dans l\u2019attente d\u2019une r\u00e9ponse.<\/p>\n\n\n\n<p>Malgr\u00e9 cet \u00e9tat de fait, le Collectif des mouvements citoyens engag\u00e9s pour l\u2019application des conclusions des Assises Nationales&nbsp;<em>(AN 2008\/2009)&nbsp;<\/em>ainsi que des recommandations de la Commission Nationale de R\u00e9forme des Institutions&nbsp;<em>(CNRI\/2013)<\/em>&nbsp;consid\u00e8re irresponsable de pr\u00e9cipiter un bilan de d\u00e9ception surtout dans un contexte o\u00f9 l\u2019enjeu est vital. Par contre, le collectif d\u00e9clare avoir des sources d\u2019interrogation. A ce titre, l\u2019ancien ministre Mamadou Ndoye et ses camarades entendent \u00eatre \u00e9difi\u00e9s par le pr\u00e9sident de la R\u00e9publique, sur le fait que100 jours apr\u00e8s, ils ne re\u00e7oivent pas de r\u00e9ponse \u00e0 leur correspondance. Mieux encore, le collectif se demande pourquoi les mots \u00ab&nbsp;Pacte&nbsp;\u00bb et \u00ab&nbsp;Assises nationales&nbsp;\u00bb semblent bannis du discours des nouvelles autorit\u00e9s alors qu\u2019ils foisonnaient dans leurs messages de la p\u00e9riode pr\u00e9\u00e9lectorale\u00bb. Pour finir, ces membres de la soci\u00e9t\u00e9 civile avouent s\u2019interroger sur la raison pour laquelle les nouvelles autorit\u00e9s ne les invitent pas \u00e0 leurs initiatives de dialogue sur les sujets qui les concernent, \u00e0 l\u2019instar de celui initi\u00e9 sur la r\u00e9forme de la justice.<\/p>\n\n\n\n<p>En d\u00e9pit de telles interrogations, Mamadou Ndoye et Cie promettent de ne pas tirer des conclusions h\u00e2tives pour quelques raisons que ce soit. Et ce d\u2019autant qu\u2019ils persistent \u00e0 croire que la d\u00e9mission du Pr\u00e9sident de son poste de secr\u00e9taire g\u00e9n\u00e9ral de Pastef-Les Patriotes, son engagement \u00e0 mettre fin \u00e0 l\u2019hyper pr\u00e9sidentialisme et \u00e0 renforcer l\u2019ind\u00e9pendance de la justice sont les signes d\u2019une volont\u00e9 de transformation dont ils ne doutent point. Mieux, ils assurent \u00ab&nbsp;ne pas oser croire que les nouvelles autorit\u00e9s feront moins que Macky Sall qui, tout en disant qu\u2019il avait \u00e9mis des r\u00e9serves lors de la signature de la charte des Assises, a tout de m\u00eame confi\u00e9 au bureau des Assises la CNRI sans bien entendu adopter les recommandations&nbsp;\u00bb.<\/p>\n\n\n\n<p>A cet \u00e9gard, la coalition de la soci\u00e9t\u00e9 civile pour l\u2019application des conclusions des Assises nationales dit renvoyer la balle dans le camp des nouvelles autorit\u00e9s. En ce sens, Mamadou Ndoye et Cie attestent que \u00ab la premi\u00e8re diff\u00e9rence, par rapport \u00e0 ce que le peuple a observ\u00e9 jusqu\u2019ici, doit \u00eatre de montrer qu\u2019elles respectent les engagements auxquels elles ont librement souscrit \u00e0 travers le Candidat Diomaye vis-\u00e0-vis du Pacte mais aussi de Ousmane Sonko qui a sign\u00e9 la charte des Assises nationales \u00bb. En revanche, le coalition de la soci\u00e9t\u00e9 civile dit s\u2019engager \u00e0 pers\u00e9v\u00e9rer dans son approche pour faire comprendre au nouvelles autorit\u00e9s que le Pacte qui repose sur les Assises nationales et les recommandations de la CNRI (Commission nationale de r\u00e9forme des institutions) n\u2019est pas et ne saurait \u00eatre trait\u00e9 comme une simple requ\u00eate d\u2019une coalition de la soci\u00e9t\u00e9 civile et encore moins une exigence pos\u00e9e \u00e0 des individus\u2026\u00bb. Au contraire, selon le collectif, \u00ab Le Pacte traduit, par son ancrage sur les Assises nationales, une demande sociale \u00bb.<\/p>\n\n\n\n<p><strong>OUSMANE GOUDIABY<\/strong><\/p>\n\n\n\n<p>SUDQUOTIDIEN<\/p>\n","protected":false},"excerpt":{"rendered":"<p>Les membres de la soci\u00e9t\u00e9 civile regroup\u00e9s autour du Collectif des mouvements engag\u00e9s pour l\u2019application des conclusions des Assises Nationales\u00a0(AN<\/p>\n","protected":false},"author":1,"featured_media":39369,"comment_status":"open","ping_status":"open","sticky":false,"template":"","format":"standard","meta":{"footnotes":""},"categories":[6],"tags":[],"class_list":["post-39368","post","type-post","status-publish","format-standard","has-post-thumbnail","hentry","category-politics"],"_links":{"self":[{"href":"https:\/\/dekkbi.com\/index.php?rest_route=\/wp\/v2\/posts\/39368","targetHints":{"allow":["GET"]}}],"collection":[{"href":"https:\/\/dekkbi.com\/index.php?rest_route=\/wp\/v2\/posts"}],"about":[{"href":"https:\/\/dekkbi.com\/index.php?rest_route=\/wp\/v2\/types\/post"}],"author":[{"embeddable":true,"href":"https:\/\/dekkbi.com\/index.php?rest_route=\/wp\/v2\/users\/1"}],"replies":[{"embeddable":true,"href":"https:\/\/dekkbi.com\/index.php?rest_route=%2Fwp%2Fv2%2Fcomments&post=39368"}],"version-history":[{"count":1,"href":"https:\/\/dekkbi.com\/index.php?rest_route=\/wp\/v2\/posts\/39368\/revisions"}],"predecessor-version":[{"id":39370,"href":"https:\/\/dekkbi.com\/index.php?rest_route=\/wp\/v2\/posts\/39368\/revisions\/39370"}],"wp:featuredmedia":[{"embeddable":true,"href":"https:\/\/dekkbi.com\/index.php?rest_route=\/wp\/v2\/media\/39369"}],"wp:attachment":[{"href":"https:\/\/dekkbi.com\/index.php?rest_route=%2Fwp%2Fv2%2Fmedia&parent=39368"}],"wp:term":[{"taxonomy":"category","embeddable":true,"href":"https:\/\/dekkbi.com\/index.php?rest_route=%2Fwp%2Fv2%2Fcategories&post=39368"},{"taxonomy":"post_tag","embeddable":true,"href":"https:\/\/dekkbi.com\/index.php?rest_route=%2Fwp%2Fv2%2Ftags&post=39368"}],"curies":[{"name":"wp","href":"https:\/\/api.w.org\/{rel}","templated":true}]}}