{"id":39352,"date":"2024-07-30T11:57:18","date_gmt":"2024-07-30T11:57:18","guid":{"rendered":"https:\/\/dekkbi.com\/?p=39352"},"modified":"2024-07-30T11:58:45","modified_gmt":"2024-07-30T11:58:45","slug":"el-malick-ndiaye-le-ter-a-transporte-plus-de-51-millions-de-passagers","status":"publish","type":"post","link":"https:\/\/dekkbi.com\/?p=39352","title":{"rendered":"El Malick Ndiaye: \u00ab\u00a0Le TER a transport\u00e9 plus de 51 millions de passagers\u00a0\u00bb"},"content":{"rendered":"\n<p>iGFM &#8211; TV Malick Ndiaye, le ministre des Transports, a visit\u00e9 ce lundi, les installations du Train Express r\u00e9gional (Ter). Il a magnifi\u00e9 ce qui s\u2019y fait de bien et soulign\u00e9 des points \u00e0 am\u00e9liorer. Il a aussi r\u00e9v\u00e9l\u00e9 les chiffres du Ter.<\/p>\n\n\n\n<figure class=\"wp-block-embed is-type-video is-provider-youtube wp-block-embed-youtube wp-embed-aspect-16-9 wp-has-aspect-ratio\"><div class=\"wp-block-embed__wrapper\">\n<iframe loading=\"lazy\" title=\"El Malick Ndiaye : &quot;Le Train express a transport\u00e9 plus de 51 millions de passagers&quot;\" width=\"800\" height=\"450\" src=\"https:\/\/www.youtube.com\/embed\/yoV-oqSzsEg?feature=oembed\" frameborder=\"0\" allow=\"accelerometer; autoplay; clipboard-write; encrypted-media; gyroscope; picture-in-picture; web-share\" referrerpolicy=\"strict-origin-when-cross-origin\" allowfullscreen><\/iframe>\n<\/div><\/figure>\n","protected":false},"excerpt":{"rendered":"<p>iGFM &#8211; TV Malick Ndiaye, le ministre des Transports, a visit\u00e9 ce lundi, les installations du Train Express r\u00e9gional (Ter).<\/p>\n","protected":false},"author":1,"featured_media":39354,"comment_status":"open","ping_status":"open","sticky":false,"template":"","format":"standard","meta":{"footnotes":""},"categories":[3],"tags":[],"class_list":["post-39352","post","type-post","status-publish","format-standard","has-post-thumbnail","hentry","category-event-more-news"],"_links":{"self":[{"href":"https:\/\/dekkbi.com\/index.php?rest_route=\/wp\/v2\/posts\/39352","targetHints":{"allow":["GET"]}}],"collection":[{"href":"https:\/\/dekkbi.com\/index.php?rest_route=\/wp\/v2\/posts"}],"about":[{"href":"https:\/\/dekkbi.com\/index.php?rest_route=\/wp\/v2\/types\/post"}],"author":[{"embeddable":true,"href":"https:\/\/dekkbi.com\/index.php?rest_route=\/wp\/v2\/users\/1"}],"replies":[{"embeddable":true,"href":"https:\/\/dekkbi.com\/index.php?rest_route=%2Fwp%2Fv2%2Fcomments&post=39352"}],"version-history":[{"count":3,"href":"https:\/\/dekkbi.com\/index.php?rest_route=\/wp\/v2\/posts\/39352\/revisions"}],"predecessor-version":[{"id":39357,"href":"https:\/\/dekkbi.com\/index.php?rest_route=\/wp\/v2\/posts\/39352\/revisions\/39357"}],"wp:featuredmedia":[{"embeddable":true,"href":"https:\/\/dekkbi.com\/index.php?rest_route=\/wp\/v2\/media\/39354"}],"wp:attachment":[{"href":"https:\/\/dekkbi.com\/index.php?rest_route=%2Fwp%2Fv2%2Fmedia&parent=39352"}],"wp:term":[{"taxonomy":"category","embeddable":true,"href":"https:\/\/dekkbi.com\/index.php?rest_route=%2Fwp%2Fv2%2Fcategories&post=39352"},{"taxonomy":"post_tag","embeddable":true,"href":"https:\/\/dekkbi.com\/index.php?rest_route=%2Fwp%2Fv2%2Ftags&post=39352"}],"curies":[{"name":"wp","href":"https:\/\/api.w.org\/{rel}","templated":true}]}}