{"id":39350,"date":"2024-07-30T11:52:41","date_gmt":"2024-07-30T11:52:41","guid":{"rendered":"https:\/\/dekkbi.com\/?p=39350"},"modified":"2024-07-30T11:52:42","modified_gmt":"2024-07-30T11:52:42","slug":"transparence-et-bonne-gouvernance-du-senegal-pastef-felicite-le-president-et-son-gouvernement-apres-sa-declaration-de-patrimoine","status":"publish","type":"post","link":"https:\/\/dekkbi.com\/?p=39350","title":{"rendered":"Transparence et bonne gouvernance du S\u00e9n\u00e9gal : PASTEF f\u00e9licite le Pr\u00e9sident et son gouvernement apr\u00e8s sa d\u00e9claration de patrimoine"},"content":{"rendered":"\n<h3 class=\"wp-block-heading\">Le bureau politique national de PASTEF-Les-Patriotes adresse ses f\u00e9licitations au Pr\u00e9sident de la R\u00e9publique, Bassirou Diomaye Faye, au Premier Ministre, Ousmane Sonko, ainsi qu&rsquo;aux membres du gouvernement pour s\u2019\u00eatre acquitt\u00e9s, dans les d\u00e9lais impartis, de leur obligation de d\u00e9claration de patrimoine.<\/h3>\n\n\n\n<p>En effet, la d\u00e9claration \u00e9crite de patrimoine du Pr\u00e9sident de la R\u00e9publique a \u00e9t\u00e9 publi\u00e9e par le Conseil constitutionnel dans un num\u00e9ro sp\u00e9cial du Journal officiel de la R\u00e9publique du S\u00e9n\u00e9gal le jeudi 25 juillet 2024.<\/p>\n\n\n\n<p>Et en ce sens, le bureau politique national encourage tous les autres responsables assujettis \u00e0 cette obligation \u00e0 s\u2019inspirer de l\u2019exemple du Pr\u00e9sident et du Gouvernement, en agissant avec la m\u00eame diligence.<\/p>\n\n\n\n<p>Pour le Pastef ces actes historiques de transparence, d\u2019exemplarit\u00e9 et de bonne gouvernance t\u00e9moignent, une fois de plus, de la volont\u00e9 in\u00e9branlable du Pr\u00e9sident de donner corps et r\u00e9alit\u00e9 au triptyque \u00ab\u00a0Juub, Jubal, Jubanti\u00a0\u00bb. Ils s&rsquo;inscrivent dans la lign\u00e9e de plusieurs mesures concr\u00e8tes et palpables, telles que :<\/p>\n\n\n\n<p>La d\u00e9mission du Pr\u00e9sident de son poste de secr\u00e9taire g\u00e9n\u00e9ral de parti ;<\/p>\n\n\n\n<p>Le non cumul entre les fonctions de ministre et de chef d\u2019ex\u00e9cutif local (maire et pr\u00e9sident de conseil d\u00e9partemental) ;<\/p>\n\n\n\n<p>La publication des rapports des corps de contr\u00f4le (Cour des comptes, IGE, OFNAC) ;<\/p>\n\n\n\n<p>L\u2019organisation d\u2019un dialogue national sur la r\u00e9forme et la modernisation de la Justice, etc.<\/p>\n\n\n\n<p>\u00ab Cette d\u00e9marche d\u2019int\u00e9grit\u00e9 et de redevabilit\u00e9 marque la fin de l\u2019\u00e8re du pr\u00e9sidentialisme ploutocratique et du r\u00e8gne des fonctionnaires milliardaires, ouvrant ainsi une nouvelle \u00e8re de transparence et de responsabilit\u00e9 dans la gestion des affaires publiques au S\u00e9n\u00e9gal. \u00bb Conclut leur communiqu\u00e9<br><\/p>\n\n\n\n<p>MD  &#8211; SOURCE LERAL<\/p>\n","protected":false},"excerpt":{"rendered":"<p>Le bureau politique national de PASTEF-Les-Patriotes adresse ses f\u00e9licitations au Pr\u00e9sident de la R\u00e9publique, Bassirou Diomaye Faye, au Premier Ministre,<\/p>\n","protected":false},"author":1,"featured_media":21961,"comment_status":"open","ping_status":"open","sticky":false,"template":"","format":"standard","meta":{"footnotes":""},"categories":[6],"tags":[],"class_list":["post-39350","post","type-post","status-publish","format-standard","has-post-thumbnail","hentry","category-politics"],"_links":{"self":[{"href":"https:\/\/dekkbi.com\/index.php?rest_route=\/wp\/v2\/posts\/39350","targetHints":{"allow":["GET"]}}],"collection":[{"href":"https:\/\/dekkbi.com\/index.php?rest_route=\/wp\/v2\/posts"}],"about":[{"href":"https:\/\/dekkbi.com\/index.php?rest_route=\/wp\/v2\/types\/post"}],"author":[{"embeddable":true,"href":"https:\/\/dekkbi.com\/index.php?rest_route=\/wp\/v2\/users\/1"}],"replies":[{"embeddable":true,"href":"https:\/\/dekkbi.com\/index.php?rest_route=%2Fwp%2Fv2%2Fcomments&post=39350"}],"version-history":[{"count":1,"href":"https:\/\/dekkbi.com\/index.php?rest_route=\/wp\/v2\/posts\/39350\/revisions"}],"predecessor-version":[{"id":39351,"href":"https:\/\/dekkbi.com\/index.php?rest_route=\/wp\/v2\/posts\/39350\/revisions\/39351"}],"wp:featuredmedia":[{"embeddable":true,"href":"https:\/\/dekkbi.com\/index.php?rest_route=\/wp\/v2\/media\/21961"}],"wp:attachment":[{"href":"https:\/\/dekkbi.com\/index.php?rest_route=%2Fwp%2Fv2%2Fmedia&parent=39350"}],"wp:term":[{"taxonomy":"category","embeddable":true,"href":"https:\/\/dekkbi.com\/index.php?rest_route=%2Fwp%2Fv2%2Fcategories&post=39350"},{"taxonomy":"post_tag","embeddable":true,"href":"https:\/\/dekkbi.com\/index.php?rest_route=%2Fwp%2Fv2%2Ftags&post=39350"}],"curies":[{"name":"wp","href":"https:\/\/api.w.org\/{rel}","templated":true}]}}