{"id":3928,"date":"2022-11-25T12:33:45","date_gmt":"2022-11-25T12:33:45","guid":{"rendered":"https:\/\/dekkbi.com\/?p=3928"},"modified":"2022-11-25T12:33:46","modified_gmt":"2022-11-25T12:33:46","slug":"suppose-protocole-de-doha-rebondissement-dans-laffaire-karim-wade","status":"publish","type":"post","link":"https:\/\/dekkbi.com\/?p=3928","title":{"rendered":"Suppos\u00e9 protocole de Doha : Rebondissement dans l\u2019affaire Karim Wade"},"content":{"rendered":"\n<h3 class=\"wp-block-heading\">C\u2019est un s\u00e9isme qui a (va) secou\u00e9 (er) l\u2019ar\u00e8ne politique s\u00e9n\u00e9galaise : la d\u00e9livrance \u00e0 Karim Wade de son passeport. Ce qui suppose que le fils de Wade va bient\u00f4t rentrer au pays. Est-ce la suite normale du \u00ab\u00a0deal\u00a0\u00bb de Doha que d\u2019aucuns ont supput\u00e9, \u00e0 la faveur du match S\u00e9n\u00e9gal- Pays Bas, lors duquel Karim Wade est apparu en selfie avec des fans et supporters des \u00ab\u00a0Lions\u00a0\u00bb, pr\u00e9sents au Qatar. \u00ab\u00a0Tribune\u00a0\u00bb<\/h3>\n\n\n\n<p>Selon des informations non encore officielles, l\u2019on avancerait que le retour de Karim Wade s\u2019organise vers le S\u00e9n\u00e9gal. Il semble que Macky lui aurait donn\u00e9 sa \u00ab\u00a0b\u00e9n\u00e9diction\u00a0\u00bb pour un bon \u00abvisa\u00bb, qui lui facilitera un retour sans probl\u00e8me et par voie officielle.<\/p>\n\n\n\n<p>Mais, la question qui taraude les esprits est de savoir que faire des 117 milliards FCfa que Wade fils doit au Tr\u00e9sor s\u00e9n\u00e9galais ? De plus, que va devenir le projet de loi d\u2019amnistie confi\u00e9 au ministre de la Justice Isma\u00ebl Madior Fall par Macky Sall himself, pour arriver \u00e0 effacer la gr\u00e2ce par un blanchissement de Karim Wade ?<\/p>\n\n\n\n<p>On peut multiplier les questions \u00e0 l\u2019infini, mais l\u2019information est \u00e0 prendre avec des pincettes, du moment que les mieux avis\u00e9s que sont les membres du Parti d\u00e9mocratique s\u00e9n\u00e9galais, ne sont eux-m\u00eames pas inform\u00e9s de ce fait. Mais, toujours est-il qu\u2019il se dit dans les salons feutr\u00e9s de l\u2019agora politique, que Wade fils a re\u00e7u son s\u00e9same, alors m\u00eame que son nom avait \u00e9t\u00e9 biff\u00e9 du fichier \u00e9lectoral le rendant in\u00e9ligible et non \u00e9lecteur en 2019 et 2022, lors des derni\u00e8res \u00e9lections.<\/p>\n\n\n\n<p>Cette nouvelle intervient dans le landerneau politique comme un s\u00e9isme qui va bouleverser la donne politique au sein de l\u2019opposition, notamment l\u2019inter coalition Yewwi-Wallu, qui si\u00e8ge confortablement d\u00e9j\u00e0 au Parlement en ce moment, avec des interventions de qualit\u00e9 \u00e0 l\u2019h\u00e9micycle de leurs repr\u00e9sentants.<\/p>\n\n\n\n<p>La m\u00e9diation de Doha lors du match S\u00e9n\u00e9gal-Pays bas, semble avoir profit\u00e9 doublement \u00e0 Karim Wade, qui a ravi la vedette \u00e0 tous devant la d\u00e9faite des \u00ab\u00a0Lions\u00a0\u00bb, et qui vient, dit-on, de recevoir son passeport en sus. Il reste \u00e0 se demander, quand est-ce que Wade fils foulera le tarmac de l\u2019A\u00e9roport international Blaise Diagne ; et que lui restera-t-il \u00e0 faire pour reprendre le parti de son p\u00e8re et se positionner comme candidat l\u00e9gitime en 2024 pour la pr\u00e9sidentielle ?<\/p>\n\n\n\n<p>Autant de zones d\u2019ombres qui ne sont pas pr\u00eates \u00e0 \u00eatre lev\u00e9es. Il est vrai que les S\u00e9n\u00e9galais ont vachement besoin que l\u2019on pacifie l\u2019espace politique et renforcer la stabilit\u00e9. Quid de l\u2019avis de ma\u00eetre Wade dans tout \u00e7a, quand il se plaignait d\u00e9j\u00e0 d\u2019avoir \u00e9t\u00e9 mis devant le fait accompli dans l\u2019alliance Wallu-Yewwi, qui n\u2019\u00e9tait pas de son fait. En sera-t-il de m\u00eame du rapprochement de son fils avec son autre fils ?<\/p>\n\n\n\n<p>Pour rappel, Karim Wade est en \u00abexil\u00bb au Qatar depuis juin 2016, apr\u00e8s avoir nuitamment pris un vol priv\u00e9 en compagnie du procureur de Qatar et son passeport, alors confectionn\u00e9 \u00e0 la prison de Rebeuss, en pr\u00e9sence de Ma\u00eetre Madick\u00e9 Niang, son avocat, pendant qu\u2019il y purgeait sa peine de 6 ans prononc\u00e9e par la Cour de r\u00e9pression de l\u2019enrichissement illicite (Crei).<\/p>\n\n\n\n<p><strong>Tribune<\/strong><br><\/p>\n","protected":false},"excerpt":{"rendered":"<p>C\u2019est un s\u00e9isme qui a (va) secou\u00e9 (er) l\u2019ar\u00e8ne politique s\u00e9n\u00e9galaise : la d\u00e9livrance \u00e0 Karim Wade de son passeport.<\/p>\n","protected":false},"author":1,"featured_media":3637,"comment_status":"open","ping_status":"open","sticky":false,"template":"","format":"standard","meta":{"footnotes":""},"categories":[6],"tags":[],"class_list":["post-3928","post","type-post","status-publish","format-standard","has-post-thumbnail","hentry","category-politics"],"_links":{"self":[{"href":"https:\/\/dekkbi.com\/index.php?rest_route=\/wp\/v2\/posts\/3928","targetHints":{"allow":["GET"]}}],"collection":[{"href":"https:\/\/dekkbi.com\/index.php?rest_route=\/wp\/v2\/posts"}],"about":[{"href":"https:\/\/dekkbi.com\/index.php?rest_route=\/wp\/v2\/types\/post"}],"author":[{"embeddable":true,"href":"https:\/\/dekkbi.com\/index.php?rest_route=\/wp\/v2\/users\/1"}],"replies":[{"embeddable":true,"href":"https:\/\/dekkbi.com\/index.php?rest_route=%2Fwp%2Fv2%2Fcomments&post=3928"}],"version-history":[{"count":1,"href":"https:\/\/dekkbi.com\/index.php?rest_route=\/wp\/v2\/posts\/3928\/revisions"}],"predecessor-version":[{"id":3929,"href":"https:\/\/dekkbi.com\/index.php?rest_route=\/wp\/v2\/posts\/3928\/revisions\/3929"}],"wp:featuredmedia":[{"embeddable":true,"href":"https:\/\/dekkbi.com\/index.php?rest_route=\/wp\/v2\/media\/3637"}],"wp:attachment":[{"href":"https:\/\/dekkbi.com\/index.php?rest_route=%2Fwp%2Fv2%2Fmedia&parent=3928"}],"wp:term":[{"taxonomy":"category","embeddable":true,"href":"https:\/\/dekkbi.com\/index.php?rest_route=%2Fwp%2Fv2%2Fcategories&post=3928"},{"taxonomy":"post_tag","embeddable":true,"href":"https:\/\/dekkbi.com\/index.php?rest_route=%2Fwp%2Fv2%2Ftags&post=3928"}],"curies":[{"name":"wp","href":"https:\/\/api.w.org\/{rel}","templated":true}]}}