{"id":39260,"date":"2024-07-29T11:04:09","date_gmt":"2024-07-29T11:04:09","guid":{"rendered":"https:\/\/dekkbi.com\/?p=39260"},"modified":"2024-07-29T11:05:33","modified_gmt":"2024-07-29T11:05:33","slug":"une-video-inedite-du-11-septembre-publiee-23-ans-apres-les-attentats","status":"publish","type":"post","link":"https:\/\/dekkbi.com\/?p=39260","title":{"rendered":"Vid\u00e9o in\u00e9dite du 11 Septembre"},"content":{"rendered":"\n<p>Un t\u00e9moin direct des attentats du 11 septembre 2001, sur les tours jumelles du World Trade Center de New York, a publi\u00e9 une vid\u00e9o in\u00e9dite de l\u2019effondrement des deux gratte-ciel, 23 ans apr\u00e8s les faits.<\/p>\n\n\n\n<p>Kei Sugimoto, un ressortissant japonais, \u00e9tait pr\u00e9sent \u00e0 New York le 11 septembre 2001 lors de la double attaque a\u00e9rienne, consid\u00e9r\u00e9e comme la pire op\u00e9ration terroriste jamais perp\u00e9tr\u00e9e sur le sol am\u00e9ricain. Install\u00e9 sur le toit d\u2019un immeuble \u00e0 quelques kilom\u00e8tres du site, le vid\u00e9aste amateur constate \u00e0 son r\u00e9veil que les tours jumelles, embl\u00e8mes de la ville, ont \u00e9t\u00e9 prises pour cibles. Face \u00e0 cet \u00e9v\u00e9nement d\u2019ampleur in\u00e9dite, il d\u00e9cide alors de sortir sa cam\u00e9ra et de filmer les deux gratte-ciel en feu. <\/p>\n\n\n\n<p>Ce 27 juillet 2024, 23 ans apr\u00e8s les faits, Kei Sugimoto a enfin publi\u00e9 son enregistrement sur YouTube. Un document exceptionnel d\u2019un peu moins d\u2019une heure mais qu\u2019il a pris soin de proposer \u00e9galement dans une version courte de 6 minutes.<\/p>\n\n\n\n<h2 class=\"wp-block-heading\"><\/h2>\n\n\n\n<figure class=\"wp-block-embed is-type-rich is-provider-prise-en-charge-des-contenus-embarqu-s wp-block-embed-prise-en-charge-des-contenus-embarqu-s wp-embed-aspect-16-9 wp-has-aspect-ratio\"><div class=\"wp-block-embed__wrapper\">\n<iframe loading=\"lazy\" title=\"World Trade Center Collapse on 9\/11\/2001 (short), Upscaled to 4K 60P\" width=\"800\" height=\"450\" src=\"https:\/\/www.youtube.com\/embed\/8TexFDMtomU?feature=oembed\" frameborder=\"0\" allow=\"accelerometer; autoplay; clipboard-write; encrypted-media; gyroscope; picture-in-picture; web-share\" referrerpolicy=\"strict-origin-when-cross-origin\" allowfullscreen><\/iframe>\n<\/div><\/figure>\n\n\n\n<p><\/p>\n","protected":false},"excerpt":{"rendered":"<p>Un t\u00e9moin direct des attentats du 11 septembre 2001, sur les tours jumelles du World Trade Center de New York,<\/p>\n","protected":false},"author":1,"featured_media":39262,"comment_status":"open","ping_status":"open","sticky":false,"template":"","format":"standard","meta":{"footnotes":""},"categories":[51],"tags":[],"class_list":["post-39260","post","type-post","status-publish","format-standard","has-post-thumbnail","hentry","category-general"],"_links":{"self":[{"href":"https:\/\/dekkbi.com\/index.php?rest_route=\/wp\/v2\/posts\/39260","targetHints":{"allow":["GET"]}}],"collection":[{"href":"https:\/\/dekkbi.com\/index.php?rest_route=\/wp\/v2\/posts"}],"about":[{"href":"https:\/\/dekkbi.com\/index.php?rest_route=\/wp\/v2\/types\/post"}],"author":[{"embeddable":true,"href":"https:\/\/dekkbi.com\/index.php?rest_route=\/wp\/v2\/users\/1"}],"replies":[{"embeddable":true,"href":"https:\/\/dekkbi.com\/index.php?rest_route=%2Fwp%2Fv2%2Fcomments&post=39260"}],"version-history":[{"count":4,"href":"https:\/\/dekkbi.com\/index.php?rest_route=\/wp\/v2\/posts\/39260\/revisions"}],"predecessor-version":[{"id":39266,"href":"https:\/\/dekkbi.com\/index.php?rest_route=\/wp\/v2\/posts\/39260\/revisions\/39266"}],"wp:featuredmedia":[{"embeddable":true,"href":"https:\/\/dekkbi.com\/index.php?rest_route=\/wp\/v2\/media\/39262"}],"wp:attachment":[{"href":"https:\/\/dekkbi.com\/index.php?rest_route=%2Fwp%2Fv2%2Fmedia&parent=39260"}],"wp:term":[{"taxonomy":"category","embeddable":true,"href":"https:\/\/dekkbi.com\/index.php?rest_route=%2Fwp%2Fv2%2Fcategories&post=39260"},{"taxonomy":"post_tag","embeddable":true,"href":"https:\/\/dekkbi.com\/index.php?rest_route=%2Fwp%2Fv2%2Ftags&post=39260"}],"curies":[{"name":"wp","href":"https:\/\/api.w.org\/{rel}","templated":true}]}}