{"id":39232,"date":"2024-07-29T10:37:14","date_gmt":"2024-07-29T10:37:14","guid":{"rendered":"https:\/\/dekkbi.com\/?p=39232"},"modified":"2024-07-29T10:38:41","modified_gmt":"2024-07-29T10:38:41","slug":"vague-de-migrants-au-nicaragua-et-en-europe-birame-dah-abeid-indexe-lappauvrissement-continu-de-la-jeunesse","status":"publish","type":"post","link":"https:\/\/dekkbi.com\/?p=39232","title":{"rendered":"Migrants au Nicaragua et Europe: Abeid indexe \u00abl\u2019appauvrissement continu de la jeunesse\u00bb"},"content":{"rendered":"\n<p>Le principal opposant du r\u00e9gime de Ghazouani, Birame Dah Abeid, \u00e9tait l\u2019invit\u00e9 du \u00ab\u00a0Grand Jury\u00a0\u00bb de la Rfm, ce dimanche. A cette occasion, le candidat arriv\u00e9 deuxi\u00e8me lors de la derni\u00e8re \u00e9lection pr\u00e9sidentielle, cit\u00e9 par \u00ab\u00a0Seneweb\u00a0\u00bb, r\u00e9v\u00e8le que \u00ab<em>30 000 Mauritaniens ont quitt\u00e9 le pays cette ann\u00e9e, pour les \u00c9tats-Unis d\u2019Am\u00e9rique via le Nicaragua, sans compter les autres voies qui m\u00e8nent \u00e0 l\u2019Europe<\/em>\u00bb.<\/p>\n\n\n\n<p>De fa\u00e7on g\u00e9n\u00e9rale, il a d\u00e9plor\u00e9 la vague de d\u00e9parts de jeunes et ses trag\u00e9dies. La derni\u00e8re en date a \u00e9t\u00e9 le drame de la semaine derni\u00e8re, avec des dizaines de morts en mer. Pour lui, la jeunesse mauritanienne est frapp\u00e9e par \u00ab<em>l\u2019appauvrissement continu, le d\u00e9labrement des services sociaux, le ch\u00f4mage galopant, l\u2019injustice, les lois liberticides qui privent les jeunes de libert\u00e9 et de parole<\/em>\u00bb, entre autres. Il a d\u00e9nonc\u00e9 l\u2019accord entre l\u2019Union europ\u00e9enne et la Mauritanie sur la migration, consid\u00e9rant que beaucoup de droits sont \u00abviol\u00e9s\u00bb. \u00ab<em>La Mauritanie n\u2019a pas \u00e0 jouer au gardien des espoirs africains. Elle n\u2019a pas \u00e0 utiliser des m\u00e9thodes hors la loi, pour maintenir des gens de passage sur son sol ou les renvoyer dans leurs pays<\/em>\u00bb, a-t-il pr\u00e9cis\u00e9, rapporte \u00ab\u00a0Bes Bi\u00a0\u00bb.<\/p>\n\n\n\n<p>Nd\u00e8ye Fatou K\u00e9b\u00e9<br>LERAL<\/p>\n","protected":false},"excerpt":{"rendered":"<p>Le principal opposant du r\u00e9gime de Ghazouani, Birame Dah Abeid, \u00e9tait l\u2019invit\u00e9 du \u00ab\u00a0Grand Jury\u00a0\u00bb de la Rfm, ce dimanche.<\/p>\n","protected":false},"author":1,"featured_media":23827,"comment_status":"open","ping_status":"open","sticky":false,"template":"","format":"standard","meta":{"footnotes":""},"categories":[26],"tags":[],"class_list":["post-39232","post","type-post","status-publish","format-standard","has-post-thumbnail","hentry","category-fait-divers"],"_links":{"self":[{"href":"https:\/\/dekkbi.com\/index.php?rest_route=\/wp\/v2\/posts\/39232","targetHints":{"allow":["GET"]}}],"collection":[{"href":"https:\/\/dekkbi.com\/index.php?rest_route=\/wp\/v2\/posts"}],"about":[{"href":"https:\/\/dekkbi.com\/index.php?rest_route=\/wp\/v2\/types\/post"}],"author":[{"embeddable":true,"href":"https:\/\/dekkbi.com\/index.php?rest_route=\/wp\/v2\/users\/1"}],"replies":[{"embeddable":true,"href":"https:\/\/dekkbi.com\/index.php?rest_route=%2Fwp%2Fv2%2Fcomments&post=39232"}],"version-history":[{"count":4,"href":"https:\/\/dekkbi.com\/index.php?rest_route=\/wp\/v2\/posts\/39232\/revisions"}],"predecessor-version":[{"id":39236,"href":"https:\/\/dekkbi.com\/index.php?rest_route=\/wp\/v2\/posts\/39232\/revisions\/39236"}],"wp:featuredmedia":[{"embeddable":true,"href":"https:\/\/dekkbi.com\/index.php?rest_route=\/wp\/v2\/media\/23827"}],"wp:attachment":[{"href":"https:\/\/dekkbi.com\/index.php?rest_route=%2Fwp%2Fv2%2Fmedia&parent=39232"}],"wp:term":[{"taxonomy":"category","embeddable":true,"href":"https:\/\/dekkbi.com\/index.php?rest_route=%2Fwp%2Fv2%2Fcategories&post=39232"},{"taxonomy":"post_tag","embeddable":true,"href":"https:\/\/dekkbi.com\/index.php?rest_route=%2Fwp%2Fv2%2Ftags&post=39232"}],"curies":[{"name":"wp","href":"https:\/\/api.w.org\/{rel}","templated":true}]}}