{"id":39219,"date":"2024-07-29T10:29:08","date_gmt":"2024-07-29T10:29:08","guid":{"rendered":"https:\/\/dekkbi.com\/?p=39219"},"modified":"2024-07-29T10:29:09","modified_gmt":"2024-07-29T10:29:09","slug":"construction-et-renforcement-de-la-resilience-dans-un-environnement-regional-instable-timbuktu-institute-sactive-a-la-capacitation-et-la-promotion-du-leadership-juvenile-et-feminin","status":"publish","type":"post","link":"https:\/\/dekkbi.com\/?p=39219","title":{"rendered":"Construction et renforcement de la r\u00e9silience dans un environnement r\u00e9gional instable : Timbuktu Institute s\u2019active \u00e0 la capacitation et la promotion du leadership juv\u00e9nile et f\u00e9minin"},"content":{"rendered":"\n<p><strong>Dans le cadre de la mise en \u0153uvre de son Plan strat\u00e9gique 2020-2025, et notamment l\u2019Axe 3 portant \u00ab Promotion de la culture de la paix par l\u2019approche \u00e9ducative et la valorisation des ressources endog\u00e8nes, du patrimoine culturel et le renforcement de la r\u00e9silience \u00bb, Timbuktu Institute-African Center for Peace Studies, poursuit l\u2019initiative \u00abR\u00e9siliences aux fronti\u00e8res\u00bb, lanc\u00e9e avec la Fondation Konrad Adenauer, il y a maintenant quelques ann\u00e9es.&nbsp;Dans le&nbsp;<\/strong><strong>sillage, des sessions de dialogues sur le th\u00e8me&nbsp;<em>\u201cConstruire et renforcer la r\u00e9silience dans un environnement r\u00e9gional instable : quels r\u00f4le et place pour les jeunes et les femmes ?\u201d&nbsp;<\/em>se tiendront les 30 juillet, 1er et 3 ao\u00fbt, respectivement \u00e0 Saint-Louis, Matam et Tambacounda.<\/strong><\/p>\n\n\n\n<p>L\u2019approche \u00e0 dominante s\u00e9curitaire et les vuln\u00e9rabilit\u00e9s dans les zones frontali\u00e8res sont tr\u00e8s souvent mises en avant au d\u00e9triment d\u2019interactions, rarement capt\u00e9es par les indicateurs classiques, les recherches et \u00e9tudes sur le terrain. Et pour cause&nbsp;! Le Projet \u00ab Habiter, la fronti\u00e8re : d\u00e9fis ou opportunit\u00e9s \u00bb, initi\u00e9 par le Timbuktu Institute avec le soutien de la Fondation Konrad Adenauer, a permis, gr\u00e2ce aux \u00e9changes avec des jeunes de d\u00e9couvrir, selon Bakary Sambe, que \u00ab certaines zones b\u00e9n\u00e9ficiant de tr\u00e8s peu d\u2019initiatives de d\u00e9veloppement, d\u00e9bordent de potentiels surtout en termes de construction et de renforcement de la r\u00e9silience aux conflits et \u00e0 l\u2019extr\u00e9misme violent \u00bb.&nbsp; Les discussions et recommandations ont ainsi fait ressortir une forte demande en termes de capacitation et de promotion du leadership juv\u00e9nile et f\u00e9minin pour, ainsi, impulser une dynamique d\u2019engagement en mati\u00e8re de coh\u00e9sion sociale et de pr\u00e9vention des conflits surtout dans ces zones tr\u00e8s strat\u00e9giques de certains pays pour la s\u00e9curit\u00e9 et la stabilit\u00e9. D\u2019autant plus que ces derni\u00e8res sont souvent convoit\u00e9es par des groupes extr\u00e9mistes \u00e0 partir de pays partageant un continuum historico-culturel avec les espaces frontaliers du S\u00e9n\u00e9gal. Fort de cet enseignement, et dans le cadre l\u2019Axe 3 de son Plan strat\u00e9gique 2020-2025 portant \u00ab Promotion de la culture de la paix par l\u2019approche \u00e9ducative et la valorisation des ressources endog\u00e8nes, du patrimoine culturel et le renforcement de la r\u00e9silience \u00bb, le Timbuktu Institute -African Center For Peace Studies- poursuit l\u2019initiative \u00ab R\u00e9silience aux fronti\u00e8res \u00bb avec un choix port\u00e9 \u00e0 titre de pilotes sur Saint-Louis, Matam et Tambacounda. &nbsp;En effet, ces zones frontali\u00e8res connues pour leur sensibilit\u00e9 doivent \u00eatre privil\u00e9gi\u00e9es, selon Timbuktu Institute, dans les initiatives de consolidation de la paix et de renforcement de la r\u00e9silience dans le cadre d\u2019une approche pr\u00e9ventive et de capitalisation sur les leviers endog\u00e8nes de r\u00e9silience.<\/p>\n\n\n\n<p>Des sessions de dialogues seront organis\u00e9es dans ces r\u00e9gions-pilotes qui commenceront d\u2019abord par les interventions du Directeur r\u00e9gional du Timbuktu Institute et du Repr\u00e9sentant de la Fondation Konrad Adenauer. Apr\u00e8s l\u2019ouverture officielle par le Gouverneur de la r\u00e9gion ou son repr\u00e9sentant, place serait faite \u00e0 la Session inaugurale sur la \u00ab Situation s\u00e9curitaire r\u00e9gionale et les enjeux du renforcement de la r\u00e9silience communautaire : R\u00f4les compl\u00e9mentaires Etat\/populations locales \u00bb, par Dr. Bakary Sambe. Il est \u00e9galement pr\u00e9vu diverses pr\u00e9sentations sur des th\u00e9matiques comme \u00ab Femmes et conflits, quelles places de la femme dans la culture s\u00e9n\u00e9galaise \u00bb ou encore \u00ab Jeunes et radicalisation dans les zones frontali\u00e8res : risques et facteurs de r\u00e9silience \u00bb, pr\u00e9sent\u00e9es par Adji Awa Samb, Mbassa Thioune et&nbsp;Ken&nbsp;Akpo.&nbsp; Les perceptions du conflit et des rapports entre les Forces de D\u00e9fense et de S\u00e9curit\u00e9 et les populations seront aussi largement discut\u00e9es lors des travaux de groupe, dont les recommandations strat\u00e9giques formul\u00e9es seront restitu\u00e9es avant le bilan et la cl\u00f4ture de la Session. Ces recommandations seront partag\u00e9es avec les autorit\u00e9s nationales dans le cadre de la contribution \u00e0 l\u2019\u00e9laboration et \u00e0 l\u2019am\u00e9lioration des cadres d\u2019action adopt\u00e9s par l\u2019\u00c9tat du S\u00e9n\u00e9gal et ses partenaires.<\/p>\n\n\n\n<p><strong>&nbsp;M D<\/strong><\/p>\n\n\n\n<p>SUDQUOTIDIEN<\/p>\n","protected":false},"excerpt":{"rendered":"<p>Dans le cadre de la mise en \u0153uvre de son Plan strat\u00e9gique 2020-2025, et notamment l\u2019Axe 3 portant \u00ab Promotion<\/p>\n","protected":false},"author":1,"featured_media":39220,"comment_status":"open","ping_status":"open","sticky":false,"template":"","format":"standard","meta":{"footnotes":""},"categories":[3],"tags":[],"class_list":["post-39219","post","type-post","status-publish","format-standard","has-post-thumbnail","hentry","category-event-more-news"],"_links":{"self":[{"href":"https:\/\/dekkbi.com\/index.php?rest_route=\/wp\/v2\/posts\/39219","targetHints":{"allow":["GET"]}}],"collection":[{"href":"https:\/\/dekkbi.com\/index.php?rest_route=\/wp\/v2\/posts"}],"about":[{"href":"https:\/\/dekkbi.com\/index.php?rest_route=\/wp\/v2\/types\/post"}],"author":[{"embeddable":true,"href":"https:\/\/dekkbi.com\/index.php?rest_route=\/wp\/v2\/users\/1"}],"replies":[{"embeddable":true,"href":"https:\/\/dekkbi.com\/index.php?rest_route=%2Fwp%2Fv2%2Fcomments&post=39219"}],"version-history":[{"count":1,"href":"https:\/\/dekkbi.com\/index.php?rest_route=\/wp\/v2\/posts\/39219\/revisions"}],"predecessor-version":[{"id":39221,"href":"https:\/\/dekkbi.com\/index.php?rest_route=\/wp\/v2\/posts\/39219\/revisions\/39221"}],"wp:featuredmedia":[{"embeddable":true,"href":"https:\/\/dekkbi.com\/index.php?rest_route=\/wp\/v2\/media\/39220"}],"wp:attachment":[{"href":"https:\/\/dekkbi.com\/index.php?rest_route=%2Fwp%2Fv2%2Fmedia&parent=39219"}],"wp:term":[{"taxonomy":"category","embeddable":true,"href":"https:\/\/dekkbi.com\/index.php?rest_route=%2Fwp%2Fv2%2Fcategories&post=39219"},{"taxonomy":"post_tag","embeddable":true,"href":"https:\/\/dekkbi.com\/index.php?rest_route=%2Fwp%2Fv2%2Ftags&post=39219"}],"curies":[{"name":"wp","href":"https:\/\/api.w.org\/{rel}","templated":true}]}}