{"id":39208,"date":"2024-07-29T09:44:21","date_gmt":"2024-07-29T09:44:21","guid":{"rendered":"https:\/\/dekkbi.com\/?p=39208"},"modified":"2024-07-29T09:44:22","modified_gmt":"2024-07-29T09:44:22","slug":"delit-doffense-au-chef-de-letat-une-justice-a-80-a-lheure","status":"publish","type":"post","link":"https:\/\/dekkbi.com\/?p=39208","title":{"rendered":"D\u00e9lit d\u2019offense au chef de l\u2019\u00c9tat : Une justice \u00e0 80 \u00e0 l\u2019heure"},"content":{"rendered":"\n<p><strong>Ep\u00e9e de Damocl\u00e8s au-dessus de la t\u00eate des journalistes, des activistes et des hommes politiques, l\u2019article 80 du Code p\u00e9nal a surv\u00e9cu \u00e0 deux r\u00e9gimes \u00e9lus d\u00e9mocratiquement, apr\u00e8s 40 ans de r\u00e8gne socialiste. Depuis le d\u00e9but de ce nouveau r\u00e9gime, le Parquet de Dakar a montr\u00e9 qu\u2019il va continuer \u00e0 y recourir pour r\u00e9guler la libert\u00e9 d\u2019expression. Jusqu\u2019\u00e0 quand&nbsp;?<\/strong><\/p>\n\n\n\n<p><strong>Par Bocar SAKHO \u2013&nbsp;<\/strong>Apr\u00e8s avoir fait l\u2019objet d\u2019un retour de Parquet ce vendredi, l\u2019homme politique Amath Suzanne Camara retourne au Palais de justice ce matin. Probablement, il va \u00eatre inculp\u00e9 pour offense au chef de l\u2019Etat. Vestige du r\u00e8gne socialiste, avec ses exc\u00e8s et sa volont\u00e9 de mieux contr\u00f4ler les activit\u00e9s politiques, l\u2019article 80 du Code p\u00e9nal, article \u00abfourre-tout\u00bb extr\u00eamement r\u00e9pressif sur lequel se sont fond\u00e9s derni\u00e8rement les tribunaux nationaux pour accuser diff\u00e9rents journalistes et hommes politiques, a travers\u00e9 paradoxalement deux r\u00e9gimes d\u00e9mocratiques. Sur le perron de l\u2019Elys\u00e9e, Me Abdoulaye Wade, \u00e9lu triomphalement en 2000, aboutissement de son long et \u00e9puisant combat pour la d\u00e9mocratie, avait annonc\u00e9 son abrogation. Pour lui, cet article \u00e9tait liberticide et devait \u00eatre nettoy\u00e9 du Code p\u00e9nal.<\/p>\n\n\n\n<p>Gris\u00e9 par le pouvoir, le troisi\u00e8me pr\u00e9sident de la R\u00e9publique n\u2019a jamais concr\u00e9tis\u00e9 cette promesse. Il en a eu us\u00e9 \u00e0 plusieurs reprises afin de mettre en prison des journalistes et des hommes politiques pour \u00aboffense au chef de l\u2019Etat\u00bb. Sans oublier d\u2019ajouter dans la corbeille de la r\u00e9pression, des d\u00e9lits d\u2019atteinte \u00e0 la s\u00fbret\u00e9 de l\u2019Etat, de diffusion de fausses nouvelles\u2026 En d\u00e9pit des pressions de la Soci\u00e9t\u00e9 civile, des m\u00e9dias et d\u2019autres leaders, qui demandent que la suppression de l\u2019article 80 fasse effectivement partie des diff\u00e9rents projets de r\u00e9forme du Code p\u00e9nal, il n\u2019en est rien. Macky Sall, qui a connu un deuxi\u00e8me mandat chahut\u00e9 par des tensions politico-judiciaires, a d\u00fb r\u00e9primer cette contestation n\u00e9e des probl\u00e8mes juridiques de M. Ousmane Sonko.<\/p>\n\n\n\n<p>Si tout cela a \u00e9t\u00e9 effac\u00e9 par une loi d\u2019amnistie, le procureur de la R\u00e9publique continue \u00e0 faire la police pour r\u00e9guler la libert\u00e9 d\u2019expression dans le pays. Acteur majeur de la politique judiciaire du dernier quinquennat de Sall, Abdou Karim Diop monte toujours la garde dans les m\u00e9dias et les r\u00e9seaux sociaux. Avant Amath Suzanne Camara, il avait proc\u00e9d\u00e9 \u00e0 l\u2019arrestation de Bah Diakhat\u00e9 et de l\u2019imam Cheikh Tidiane Ndao. L\u2019activiste avait \u00e9t\u00e9 appr\u00e9hend\u00e9 par la Division des investigations criminelles (Dic) apr\u00e8s avoir publi\u00e9 une vid\u00e9o attaquant Ousmane Sonko sur le th\u00e8me de l\u2019homosexualit\u00e9, \u00e0 l\u2019occasion de la visite de l\u2019Insoumis fran\u00e7ais Jean-Luc M\u00e9lenchon \u00e0 Dakar. Alors que le pr\u00eacheur avait critiqu\u00e9, dans une autre vid\u00e9o, le Premier ministre qui aurait eu \u00abune attitude complaisante vis-\u00e0-vis de l\u2019homosexualit\u00e9\u00bb. Si le procureur avait requis une peine de prison ferme de six mois contre Bah Diakhat\u00e9 et l\u2019imam Cheikh Tidiane Ndao, le Tribunal les a condamn\u00e9s par contre \u00e0 trois mois de prison ferme, assortis d\u2019une amende de 100 mille F Cfa. Mais, il les a relax\u00e9s des accusations d\u2019offense \u00e0 une personne exer\u00e7ant des pr\u00e9rogatives pr\u00e9sidentielles. Cette derni\u00e8re qualification d\u00e9lictuelle avait \u00e9mu tout le monde\u00a0: aussi longtemps que l\u2019on se souvienne, c\u2019est la premi\u00e8re fois que le minist\u00e8re essayait d\u2019avoir autant d\u2019\u00e9gard envers un Premier ministre.<\/p>\n\n\n\n<p>Aujourd\u2019hui, le nouveau r\u00e9gime, qui a organis\u00e9 les Assises de la Justice, va-t-il abroger cet article liberticide\u00a0? Ou va-t-il continuer \u00e0 l\u2019utiliser pour circonscrire les d\u00e9rapages verbaux sur le champ politique\u00a0et encadrer la libert\u00e9 d\u2019expression au S\u00e9n\u00e9gal\u00a0? Avec le d\u00e9f\u00e8rement de M. Amath Suzanne Camara ce matin, c\u2019est une journ\u00e9e comme les autres qui se va se d\u00e9rouler au Palais de justice de Dakar.<\/p>\n\n\n\n<p><br><strong>bsakho@lequotidien.sn<\/strong><\/p>\n","protected":false},"excerpt":{"rendered":"<p>Ep\u00e9e de Damocl\u00e8s au-dessus de la t\u00eate des journalistes, des activistes et des hommes politiques, l\u2019article 80 du Code p\u00e9nal<\/p>\n","protected":false},"author":1,"featured_media":39209,"comment_status":"open","ping_status":"open","sticky":false,"template":"","format":"standard","meta":{"footnotes":""},"categories":[21],"tags":[],"class_list":["post-39208","post","type-post","status-publish","format-standard","has-post-thumbnail","hentry","category-societe"],"_links":{"self":[{"href":"https:\/\/dekkbi.com\/index.php?rest_route=\/wp\/v2\/posts\/39208","targetHints":{"allow":["GET"]}}],"collection":[{"href":"https:\/\/dekkbi.com\/index.php?rest_route=\/wp\/v2\/posts"}],"about":[{"href":"https:\/\/dekkbi.com\/index.php?rest_route=\/wp\/v2\/types\/post"}],"author":[{"embeddable":true,"href":"https:\/\/dekkbi.com\/index.php?rest_route=\/wp\/v2\/users\/1"}],"replies":[{"embeddable":true,"href":"https:\/\/dekkbi.com\/index.php?rest_route=%2Fwp%2Fv2%2Fcomments&post=39208"}],"version-history":[{"count":1,"href":"https:\/\/dekkbi.com\/index.php?rest_route=\/wp\/v2\/posts\/39208\/revisions"}],"predecessor-version":[{"id":39210,"href":"https:\/\/dekkbi.com\/index.php?rest_route=\/wp\/v2\/posts\/39208\/revisions\/39210"}],"wp:featuredmedia":[{"embeddable":true,"href":"https:\/\/dekkbi.com\/index.php?rest_route=\/wp\/v2\/media\/39209"}],"wp:attachment":[{"href":"https:\/\/dekkbi.com\/index.php?rest_route=%2Fwp%2Fv2%2Fmedia&parent=39208"}],"wp:term":[{"taxonomy":"category","embeddable":true,"href":"https:\/\/dekkbi.com\/index.php?rest_route=%2Fwp%2Fv2%2Fcategories&post=39208"},{"taxonomy":"post_tag","embeddable":true,"href":"https:\/\/dekkbi.com\/index.php?rest_route=%2Fwp%2Fv2%2Ftags&post=39208"}],"curies":[{"name":"wp","href":"https:\/\/api.w.org\/{rel}","templated":true}]}}