{"id":39203,"date":"2024-07-29T09:25:57","date_gmt":"2024-07-29T09:25:57","guid":{"rendered":"https:\/\/dekkbi.com\/?p=39203"},"modified":"2024-07-29T09:25:58","modified_gmt":"2024-07-29T09:25:58","slug":"premiers-mois-de-gestion-du-pouvoir-par-diomaye-amadou-ba-accorde-un-delai-de-grace-au-nouveau-regime","status":"publish","type":"post","link":"https:\/\/dekkbi.com\/?p=39203","title":{"rendered":"Premiers mois de gestion du pouvoir par Diomaye: Amadou Ba accorde un \u00abd\u00e9lai de gr\u00e2ce\u00bb au nouveau r\u00e9gime"},"content":{"rendered":"\n<p><strong>Sorti deuxi\u00e8me du scrutin pr\u00e9sidentiel du 24 mars dernier avec 35, 79 % des suffrages valablement exprim\u00e9s, l\u2019ancien Premier ministre Amadou Ba marque sa rupture dans la nouvelle opposition au r\u00e9gime de Bassirou Diomaye Faye, une opposition qui a \u00e9t\u00e9 sans concession sur le 100 premiers ours de gestion du pouvoir par le nouveau r\u00e9gime. Ramant \u00e0 contre-courant de cette vague de critiques acerbes, le candidat malheureux&nbsp; de la coalition Benno Bokk Yaakaar \u00e0 l\u2019\u00e9lection pr\u00e9sidentielle, se pronon\u00e7ant furtivement sur la situation du pays, pr\u00e9f\u00e8re lui accorder un \u00abd\u00e9lai de gr\u00e2ce\u00bb au nouveau gouvernement.<\/strong><\/p>\n\n\n\n<p>En visite de courtoisie chez le Khalife g\u00e9n\u00e9ral des Mourides avant-hier, samedi 27 juillet, l\u2019ancien Premier ministre Amadou Ba a pr\u00e9f\u00e9r\u00e9 encore se terrer dans le mutisme notoire dont il a fait la marque de fabrique, depuis sa d\u00e9faite \u00e0 l\u2019\u00e9lection pr\u00e9sidentielle du mars dernier. Le candidat malheureux\u00a0 de la coalition Benno Bokk Yaakaar \u00e0 la succession de Macky Sall au fauteuil pr\u00e9sidentiel a choisi encore d\u2019\u00e9luder les questions politiques, face aux journalistes. Apr\u00e8s son audience avec le Khalife g\u00e9n\u00e9ral des Mourides, l\u2019ancien chef du gouvernement Amadou Ba a annonc\u00e9 qu\u2019il s\u2019adressera prochainement aux S\u00e9n\u00e9galais pour se prononcer sur la situation actuelle du pays. \u00ab Je ne suis pas venu ici pour parler de politique. Vous vous imaginez bien que je ne viendrai pas \u00e0 Touba pour faire de la politique, \u00e0 fortiori dans la cour du Khalife g\u00e9n\u00e9ral des mourides. C\u2019est une visite de courtoisie. Je suis venu solliciter les pri\u00e8res de Serigne Mountakha qui a tenu des propos qui m\u2019ont beaucoup touch\u00e9 parce que nos relations datent de tr\u00e8s longtemps. Il a pr\u00e9f\u00e9r\u00e9 mettre en exergue cette relation. <\/p>\n\n\n\n<p>C\u2019est une fiert\u00e9 pour nous d\u2019avoir cette reconnaissance du Khalife g\u00e9n\u00e9ral des mourides \u00bb, a confi\u00e9 le candidat malheureux de la Coalition Benno Bokk Yakaar (BBY) lors de la derni\u00e8re pr\u00e9sidentielle. Face \u00e0 l\u2019insistance des journalistes, l\u2019ancien Premier ministre a toutefois promis de se prononcer sur la situation actuelle du pays, prochainement. Pour Amadou Ba, il faut qu\u2019on accorde un d\u00e9lai de gr\u00e2ce au nouveau gouvernement. \u00ab Tr\u00e8s bient\u00f4t, on va parler de la situation du pays. Je crois qu\u2019il faut faire preuve de patience. Nous avons un nouveau gouvernement de moins de quatre mois. Je parlerai de la situation nationale quand on aura des \u00e9l\u00e9ments qu\u2019on peut porter \u00e0 la connaissance du public. <\/p>\n\n\n\n<p>\u00c7a fait juste presque quatre mois, il faut qu\u2019on les laisse travailler \u00bb, a dit Amadou Ba. Sorti deuxi\u00e8me du scrutin pr\u00e9sidentiel du 24 mars dernier avec\u00a0 35, 79 % \u00a0% des suffrages valablement exprim\u00e9s, l\u2019ancien Premier ministre Amadou Ba marque ainsi sa \u00abrupture\u00bb dans la nouvelle opposition au r\u00e9gime de Bassirou Diomaye Faye, une opposition pour le moment pilot\u00e9e par l\u2019Alliance pour la R\u00e9publique (SEN), Bougane Gu\u00e8ye Dany de mouvement Gueum Sa Bop et autre Thierno Bocoum d\u2019Agir qui ont \u00e9t\u00e9 sans concession sur le 100 premiers ours de gestion du pouvoir par le nouveau r\u00e9gime. \u00a0Ramant \u00e0 contre-courant de cette vague de critiques acerbes, le candidat malheureux\u00a0 de la coalition Benno Bokk Yaakaar \u00e0 l\u2019\u00e9lection pr\u00e9sidentielle, a pr\u00e9f\u00e9r\u00e9 calmer le jeu, en accordant un \u00abd\u00e9lai de gr\u00e2ce\u00bb au nouveau gouvernement.<\/p>\n\n\n\n<p><strong>M D<\/strong><\/p>\n","protected":false},"excerpt":{"rendered":"<p>Sorti deuxi\u00e8me du scrutin pr\u00e9sidentiel du 24 mars dernier avec 35, 79 % des suffrages valablement exprim\u00e9s, l\u2019ancien Premier ministre<\/p>\n","protected":false},"author":1,"featured_media":39204,"comment_status":"open","ping_status":"open","sticky":false,"template":"","format":"standard","meta":{"footnotes":""},"categories":[6],"tags":[],"class_list":["post-39203","post","type-post","status-publish","format-standard","has-post-thumbnail","hentry","category-politics"],"_links":{"self":[{"href":"https:\/\/dekkbi.com\/index.php?rest_route=\/wp\/v2\/posts\/39203","targetHints":{"allow":["GET"]}}],"collection":[{"href":"https:\/\/dekkbi.com\/index.php?rest_route=\/wp\/v2\/posts"}],"about":[{"href":"https:\/\/dekkbi.com\/index.php?rest_route=\/wp\/v2\/types\/post"}],"author":[{"embeddable":true,"href":"https:\/\/dekkbi.com\/index.php?rest_route=\/wp\/v2\/users\/1"}],"replies":[{"embeddable":true,"href":"https:\/\/dekkbi.com\/index.php?rest_route=%2Fwp%2Fv2%2Fcomments&post=39203"}],"version-history":[{"count":1,"href":"https:\/\/dekkbi.com\/index.php?rest_route=\/wp\/v2\/posts\/39203\/revisions"}],"predecessor-version":[{"id":39205,"href":"https:\/\/dekkbi.com\/index.php?rest_route=\/wp\/v2\/posts\/39203\/revisions\/39205"}],"wp:featuredmedia":[{"embeddable":true,"href":"https:\/\/dekkbi.com\/index.php?rest_route=\/wp\/v2\/media\/39204"}],"wp:attachment":[{"href":"https:\/\/dekkbi.com\/index.php?rest_route=%2Fwp%2Fv2%2Fmedia&parent=39203"}],"wp:term":[{"taxonomy":"category","embeddable":true,"href":"https:\/\/dekkbi.com\/index.php?rest_route=%2Fwp%2Fv2%2Fcategories&post=39203"},{"taxonomy":"post_tag","embeddable":true,"href":"https:\/\/dekkbi.com\/index.php?rest_route=%2Fwp%2Fv2%2Ftags&post=39203"}],"curies":[{"name":"wp","href":"https:\/\/api.w.org\/{rel}","templated":true}]}}