{"id":39197,"date":"2024-07-29T09:20:50","date_gmt":"2024-07-29T09:20:50","guid":{"rendered":"https:\/\/dekkbi.com\/?p=39197"},"modified":"2024-07-29T09:20:51","modified_gmt":"2024-07-29T09:20:51","slug":"politique-industrielle-du-senegal-vers-un-plan-marshall","status":"publish","type":"post","link":"https:\/\/dekkbi.com\/?p=39197","title":{"rendered":"Politique industrielle du S\u00e9n\u00e9gal: vers un plan Marshall !"},"content":{"rendered":"\n<p><strong>Le constat est lamentable pour l\u2019industrie s\u00e9n\u00e9galaise, apr\u00e8s 65 ans d\u2019ind\u00e9pendance. En tout, elle p\u00e8se environ 25 % du produit int\u00e9rieur brut. Compar\u00e9 aux pays industrialis\u00e9s, c\u2019est entre 50 et 60 % du PIB. En revanche, le secteur tertiaire repr\u00e9sente 80 % du Produit national brut (PNB), une vraie caract\u00e9ristique d\u2019un pays pauvre. Pour corriger ce gap industriel, le minist\u00e8re de l\u2019Industrie et du commerce entend \u00e0 court et moyen terme faire de l\u2019industrialisation par import substitution, puis l\u2019industrialisation verticale (partielle de valeur) et enfin l\u2019industrialisation horizontale.<\/strong><\/p>\n\n\n\n<p>Apr\u00e8s un diagnostic de trois mois de l\u2019industrie s\u00e9n\u00e9galaise, il se r\u00e9v\u00e8le que notre pays est&nbsp;<em>\u00ab&nbsp;tr\u00e8s loin des standards d\u2019industrialisation&nbsp;\u00bb,&nbsp;<\/em>a fait savoir le ministre de l\u2019Industrie et du Commerce, S\u00e9rigne Gu\u00e8ye Diop, dans l\u2019\u00e9mission Jury du dimanche du 28 juillet 2024 sur les ondes d\u2019I-Radio. Le ministre de r\u00e9v\u00e9ler ainsi que le S\u00e9n\u00e9gal d\u00e9pense annuellement 6000 milliards pour 2500 produits. Un chiffre effarant qui r\u00e9v\u00e8le notre&nbsp;<em>\u00ab sous-industrialisation en d\u00e9pit de tout le potentiel industriel \u00bb. Cons\u00e9quence&nbsp;: la situation de&nbsp;<\/em>l\u2019industrie s\u00e9n\u00e9galaise est tr\u00e8s pr\u00e9occupante parce quasi inexistante, repr\u00e9sentant ainsi dans l\u2019ordre de 25 % du Produit int\u00e9rieur brut (PIB). Ce qui fera dire au non moins titulaire d\u2019un doctorat d\u2019\u00c9tat en biochimie et science alimentaire, ing\u00e9nieur agroalimentaire et ing\u00e9nieur agronome que l\u2019industrie s\u00e9n\u00e9galaise est \u00e0&nbsp;<em>\u00ab&nbsp;l\u2019\u00e9tat embryonnaire, tr\u00e8s en retard comparativement \u00e0 certains pays de l\u2019Afrique \u00bb,<\/em>&nbsp;puisque selon lui&nbsp;:&nbsp;<em>\u00ab la part de l\u2019agriculture est comprise entre 11 et 12 % du PIB ; la p\u00eache entre 3 et 4 % ; le secteur primaire 2 \u00e0 3 % \u00bb.<\/em>&nbsp;En revanche, le secteur tertiaire (marchands ambulants, commer\u00e7ants\u2026) repr\u00e9sente pr\u00e8s de&nbsp;<em>\u00ab 80 % du PIB local \u00bb,<\/em>&nbsp;a dit le chef du d\u00e9partement de l\u2019Industrie et du commerce. Pour le ministre, l\u2019\u00e9tat de l\u2019industrie s\u00e9n\u00e9galaise est pr\u00e9occupant parce que, dira-t-il,&nbsp;<em>\u00ab dans les pays d\u00e9velopp\u00e9s, c\u2019est entre 50 et 60 % du PIB. \u00bb&nbsp;<\/em>Justifiant d\u2019ailleurs ce fort potentiel tertiaire, le ministre dira que c\u2019est parce que le secteur industriel est quasi inexistant qu\u2019il y a un saut du secteur primaire au secteur tertiaire. Ce qui est une caract\u00e9ristique principale d\u2019un pays sous d\u00e9velopp\u00e9.<\/p>\n\n\n\n<p><strong>Plus de 300 usines ferm\u00e9es<\/strong><\/p>\n\n\n\n<p>Parlant des efforts industriels pris \u00e7\u00e0 et l\u00e0, le ministre de l\u2019Industrie et du Commerce fait savoir qu\u2019une enqu\u00eate \u00e0 mi-parcours renseigne que plus de 300 usines sont ferm\u00e9es. Ce qui explique qu\u2019il y a un tissu industriel dormant pour diverses raisons, g\u00e9n\u00e9ralement d\u2019ordre commercial, financier, manag\u00e9rial. Et sur ce, le ministre dit travailler dans le sens de leur r\u00e9ouverture. Expliquant l\u2019\u00e9chec de la politique industrielle du S\u00e9n\u00e9gal, l\u2019ancien conseiller technique puis ministre conseiller charg\u00e9 de l\u2019Agriculture et de l\u2019industrie du pr\u00e9sident Macky Sall pense que le S\u00e9n\u00e9gal a rat\u00e9 sa r\u00e9volution industrielle parce qu\u2019on a mis l\u2019accent sur le secteur tertiaire et sur l\u2019agriculture pluviale. Et le secteur industriel a \u00e9t\u00e9 laiss\u00e9 aux pays d\u00e9velopp\u00e9s.<\/p>\n\n\n\n<p><strong>Faire du S\u00e9n\u00e9gal un pays industrialis\u00e9<\/strong><\/p>\n\n\n\n<p>Le ministre de l\u2019Industrie et du Commerce, S\u00e9rigne Gu\u00e8ye Diop, entend faire du S\u00e9n\u00e9gal un pays industrialis\u00e9.<em>&nbsp;\u00ab&nbsp;Je veux faire du S\u00e9n\u00e9gal un pays industrialis\u00e9&nbsp;\u00bb,&nbsp;<\/em>a dit le premier directeur g\u00e9n\u00e9ral noir de Nestl\u00e9 S\u00e9n\u00e9gal. Pour ce faire, dira-t-il :&nbsp;<em>\u00ab Nous voulons remettre les bases de l\u2019industrialisation \u00e0 travers deux grands projets. \u00bb Le premier concerne l\u2019industrialisation en construisant huit (8) zones industrielles plus celle de Sandiara, puis 14 dans les r\u00e9gions et 46 zones au niveau national.<\/em>&nbsp;En septembre prochain, le S\u00e9n\u00e9gal tient les \u00c9tats g\u00e9n\u00e9raux de l\u2019industrie et du commerce. Une toute premi\u00e8re au S\u00e9n\u00e9gal qui r\u00e9unira les fils du pays pour faire le point et se projeter dans une bonne dynamique industrielle. De ces \u00c9tats g\u00e9n\u00e9raux sortira&nbsp;<em>\u00ab un plan Marshall \u00bb,&nbsp;<\/em>a dit le ministre S\u00e9rigne Diop. Ledit plan va d\u00e9cliner de mani\u00e8re claire les orientations, les objectifs et les moyens financiers \u00e0 injecter, y compris les ressources humaines.<\/p>\n\n\n\n<p><strong>JEAN PIERRE MALOU<\/strong><br>SUDQUOTIDIEN<\/p>\n","protected":false},"excerpt":{"rendered":"<p>Le constat est lamentable pour l\u2019industrie s\u00e9n\u00e9galaise, apr\u00e8s 65 ans d\u2019ind\u00e9pendance. En tout, elle p\u00e8se environ 25 % du produit<\/p>\n","protected":false},"author":1,"featured_media":39198,"comment_status":"open","ping_status":"open","sticky":false,"template":"","format":"standard","meta":{"footnotes":""},"categories":[3],"tags":[],"class_list":["post-39197","post","type-post","status-publish","format-standard","has-post-thumbnail","hentry","category-event-more-news"],"_links":{"self":[{"href":"https:\/\/dekkbi.com\/index.php?rest_route=\/wp\/v2\/posts\/39197","targetHints":{"allow":["GET"]}}],"collection":[{"href":"https:\/\/dekkbi.com\/index.php?rest_route=\/wp\/v2\/posts"}],"about":[{"href":"https:\/\/dekkbi.com\/index.php?rest_route=\/wp\/v2\/types\/post"}],"author":[{"embeddable":true,"href":"https:\/\/dekkbi.com\/index.php?rest_route=\/wp\/v2\/users\/1"}],"replies":[{"embeddable":true,"href":"https:\/\/dekkbi.com\/index.php?rest_route=%2Fwp%2Fv2%2Fcomments&post=39197"}],"version-history":[{"count":1,"href":"https:\/\/dekkbi.com\/index.php?rest_route=\/wp\/v2\/posts\/39197\/revisions"}],"predecessor-version":[{"id":39199,"href":"https:\/\/dekkbi.com\/index.php?rest_route=\/wp\/v2\/posts\/39197\/revisions\/39199"}],"wp:featuredmedia":[{"embeddable":true,"href":"https:\/\/dekkbi.com\/index.php?rest_route=\/wp\/v2\/media\/39198"}],"wp:attachment":[{"href":"https:\/\/dekkbi.com\/index.php?rest_route=%2Fwp%2Fv2%2Fmedia&parent=39197"}],"wp:term":[{"taxonomy":"category","embeddable":true,"href":"https:\/\/dekkbi.com\/index.php?rest_route=%2Fwp%2Fv2%2Fcategories&post=39197"},{"taxonomy":"post_tag","embeddable":true,"href":"https:\/\/dekkbi.com\/index.php?rest_route=%2Fwp%2Fv2%2Ftags&post=39197"}],"curies":[{"name":"wp","href":"https:\/\/api.w.org\/{rel}","templated":true}]}}