{"id":39194,"date":"2024-07-29T09:18:11","date_gmt":"2024-07-29T09:18:11","guid":{"rendered":"https:\/\/dekkbi.com\/?p=39194"},"modified":"2024-07-29T10:49:50","modified_gmt":"2024-07-29T10:49:50","slug":"thiaroye-1944-ce-nest-pas-a-la-france-de-fixer-unilateralement-le-nombre-dafricains-trahis-et-assassines-es","status":"publish","type":"post","link":"https:\/\/dekkbi.com\/?p=39194","title":{"rendered":"\u2018\u2019Thiaroye 1944\u2019\u2019 : \u2018\u2019Ce n\u2019est pas \u00e0 la France de fixer unilat\u00e9ralement le nombre d\u2019Africains trahis et assassin\u00e9s\u2019\u2019, estime Ousmane Sonko"},"content":{"rendered":"\n<p>Dakar, 29 juil (APS) \u2013 Le pr\u00e9sident de Pastef-Les Patriotes, Ousmane Sonko, a estim\u00e9 que ce n\u2019\u00e9tait pas \u00e0 la France de fixer \u2018\u2019unilat\u00e9ralement le nombre d\u2019Africains trahis et assassin\u00e9s\u2019\u2019 suite \u00e0 une d\u00e9cision de Paris de reconna\u00eetre, \u2018\u2019morts pour la France\u2019\u2019, six tirailleurs s\u00e9n\u00e9galais ex\u00e9cut\u00e9s par l\u2019arm\u00e9e fran\u00e7aise \u00e0 Thiaroye en 1944.<\/p>\n\n\n\n<p>\u2018\u2019Ce n\u2019est pas \u00e0 elle (la France) de fixer unilat\u00e9ralement le nombre d\u2019Africains trahis et assassin\u00e9s apr\u00e8s avoir contribu\u00e9 \u00e0 la sauver, ni le type et la port\u00e9e de la reconnaissance et des r\u00e9parations qu\u2019ils m\u00e9ritent\u2019\u2019, a d\u00e9clar\u00e9 Ousmane Sonko \u00e0 travers ses r\u00e9seaux sociaux, dimanche.<\/p>\n\n\n\n<p>L\u2019Office national fran\u00e7ais des combattants et des victimes de guerre a reconnu, \u2018\u2019Morts pour la France\u2019\u2019, six tirailleurs s\u00e9n\u00e9galais, dans une d\u00e9cision en date du 18 juin, rendue publique r\u00e9cemment.&nbsp;Il s\u2019agit de quatre S\u00e9n\u00e9galais, un Ivoirien et un soldat de la Haute-Volta, devenue le Burkina Faso.<\/p>\n\n\n\n<p>Le 1er d\u00e9cembre 1944, plusieurs anciens combattants africains, de retour d\u2019Europe apr\u00e8s avoir particip\u00e9 \u00e0 la Deuxi\u00e8me guerre mondiale, avaient \u00e9t\u00e9 massacr\u00e9s par des militaires fran\u00e7ais au camp de Thiaroye, dans la banlieue dakaroise, pour avoir r\u00e9clam\u00e9 leurs arri\u00e9r\u00e9s de solde et prime de d\u00e9mobilisation.<\/p>\n\n\n\n<p>Ils r\u00e9clamaient leurs arri\u00e9r\u00e9s de solde et prime de d\u00e9mobilisation, apr\u00e8s avoir particip\u00e9 \u00e0 la lib\u00e9ration de la France sous l\u2019occupation nazie.<\/p>\n\n\n\n<p>Commun\u00e9ment appel\u00e9s \u201ctirailleurs s\u00e9n\u00e9galais\u201d, ces soldats venaient des colonies fran\u00e7aises d\u2019Afrique, du S\u00e9n\u00e9gal, du B\u00e9nin, du Mali, de la C\u00f4te d\u2019Ivoire, du Tchad, de la Centrafrique, du Niger, du Gabon et du Togo.<\/p>\n\n\n\n<p>M. Sonko qui se revendique souverainiste et panafricaniste a toujours exig\u00e9 \u2018\u2019le r\u00e9tablissement de la v\u00e9rit\u00e9 sur le nombre\u2019\u2019 de tirailleurs s\u00e9n\u00e9galais tu\u00e9s \u00e0 Thiaroye en 1944 et leur \u2018\u2019r\u00e9habilitation humaine, m\u00e9morielle et mat\u00e9rielle\u2019\u2019.<\/p>\n\n\n\n<p>Dans son message publi\u00e9, dimanche, il a soulign\u00e9 que ce massacre sera d\u00e9sormais rem\u00e9mor\u00e9 autrement.<\/p>\n\n\n\n<p>Il a demand\u00e9 au gouvernement fran\u00e7ais de \u2018\u2019revoir ses m\u00e9thodes, car les temps ont chang\u00e9 !\u2019\u2019.<\/p>\n\n\n\n<p>\u2018\u2019Thiaroye 44, comme tout le reste, sera rem\u00e9mor\u00e9 autrement d\u00e9sormais\u2019\u2019, a dit Ousmane Sonko au titre de pr\u00e9sident de Pastef-Les Patriotes.<\/p>\n\n\n\n<p>Selon lui, \u2018\u2019d\u2019aucuns ont salu\u00e9 comme une grande avanc\u00e9e la d\u00e9cision des autorit\u00e9s fran\u00e7aises d\u2019accorde leur +reconnaissance+ \u00e0 six des soldats africains froidement abattus en 1944 au camp de Thiaroye par l\u2019arm\u00e9e fran\u00e7aise. Une reconnaissance qui consiste \u00e0 leur attribuer, \u00e0 titre posthume, l\u2019\u00e9tiquette +mort pour la France+\u2019\u2019.<\/p>\n\n\n\n<p>Il se demande \u2018\u2019pourquoi cette subite prise de conscience alors que le S\u00e9n\u00e9gal s\u2019appr\u00eate \u00e0 donner un nouveau sens \u00e0 ce douloureux souvenir, avec la c\u00e9l\u00e9bration du 80e anniversaire cette ann\u00e9e ?\u2019\u2019<\/p>\n\n\n\n<p>Ousmane Sonko a d\u00e9clar\u00e9 que la France \u2018\u2019ne pourra plus ni faire ni conter seule ce bout d\u2019histoire tragique\u2019\u2019.<\/p>\n\n\n\n<p>Le 26 juin dernier, le Premier ministre Ousmane Sonko a annonc\u00e9, en Conseil des ministres, qu\u2019un Comit\u00e9 ad hoc sera mis en place pour pr\u00e9parer la comm\u00e9moration du 80\u00e8me anniversaire du massacre des tirailleurs s\u00e9n\u00e9galais et africains en 1944, au camp de Thiaroye.<\/p>\n\n\n\n<p>\u2018\u2019Abordant le second point de sa communication, le Premier ministre a inform\u00e9 le Conseil que conform\u00e9ment \u00e0 la d\u00e9cision de Monsieur le Pr\u00e9sident de la R\u00e9publique d\u2019organiser la comm\u00e9moration du 80\u00e8me anniversaire du massacre des tirailleurs s\u00e9n\u00e9galais et africains en 1944 au camp de Thiaroye, un Comit\u00e9 ad hoc charg\u00e9 des pr\u00e9paratifs de l\u2019\u00e9v\u00e9nement sera mis en place. Le rapport de ce comit\u00e9 sera soumis \u00e0 sa haute attention au mois de septembre 2024\u201d, rapporte le communiqu\u00e9 du Conseil des ministres.<\/p>\n\n\n\n<p>Les \u00e9v\u00e9nements ayant conduit au massacre d\u2019anciens tirailleurs s\u00e9n\u00e9galais \u00e0 Thiaroye (banlieue dakaroise), en d\u00e9cembre 1944, ont \u00e9t\u00e9 \u201ctout simplement \u00e9pouvantables, insupportables\u201d, avait estim\u00e9 le pr\u00e9sident fran\u00e7ais Fran\u00e7ois Hollande en 2014 \u00e0 Dakar.<\/p>\n\n\n\n<p>&nbsp;FKS\/OID<\/p>\n","protected":false},"excerpt":{"rendered":"<p>Dakar, 29 juil (APS) \u2013 Le pr\u00e9sident de Pastef-Les Patriotes, Ousmane Sonko, a estim\u00e9 que ce n\u2019\u00e9tait pas \u00e0 la<\/p>\n","protected":false},"author":1,"featured_media":39195,"comment_status":"open","ping_status":"open","sticky":false,"template":"","format":"standard","meta":{"footnotes":""},"categories":[6],"tags":[],"class_list":["post-39194","post","type-post","status-publish","format-standard","has-post-thumbnail","hentry","category-politics"],"_links":{"self":[{"href":"https:\/\/dekkbi.com\/index.php?rest_route=\/wp\/v2\/posts\/39194","targetHints":{"allow":["GET"]}}],"collection":[{"href":"https:\/\/dekkbi.com\/index.php?rest_route=\/wp\/v2\/posts"}],"about":[{"href":"https:\/\/dekkbi.com\/index.php?rest_route=\/wp\/v2\/types\/post"}],"author":[{"embeddable":true,"href":"https:\/\/dekkbi.com\/index.php?rest_route=\/wp\/v2\/users\/1"}],"replies":[{"embeddable":true,"href":"https:\/\/dekkbi.com\/index.php?rest_route=%2Fwp%2Fv2%2Fcomments&post=39194"}],"version-history":[{"count":1,"href":"https:\/\/dekkbi.com\/index.php?rest_route=\/wp\/v2\/posts\/39194\/revisions"}],"predecessor-version":[{"id":39196,"href":"https:\/\/dekkbi.com\/index.php?rest_route=\/wp\/v2\/posts\/39194\/revisions\/39196"}],"wp:featuredmedia":[{"embeddable":true,"href":"https:\/\/dekkbi.com\/index.php?rest_route=\/wp\/v2\/media\/39195"}],"wp:attachment":[{"href":"https:\/\/dekkbi.com\/index.php?rest_route=%2Fwp%2Fv2%2Fmedia&parent=39194"}],"wp:term":[{"taxonomy":"category","embeddable":true,"href":"https:\/\/dekkbi.com\/index.php?rest_route=%2Fwp%2Fv2%2Fcategories&post=39194"},{"taxonomy":"post_tag","embeddable":true,"href":"https:\/\/dekkbi.com\/index.php?rest_route=%2Fwp%2Fv2%2Ftags&post=39194"}],"curies":[{"name":"wp","href":"https:\/\/api.w.org\/{rel}","templated":true}]}}