{"id":39101,"date":"2024-07-26T10:57:28","date_gmt":"2024-07-26T10:57:28","guid":{"rendered":"https:\/\/dekkbi.com\/?p=39101"},"modified":"2024-07-26T10:58:05","modified_gmt":"2024-07-26T10:58:05","slug":"la-menace-dun-attentat-plane-au-dessus-des-jo-de-paris-quest-ce-que-le-groupe-terroriste-ei-k","status":"publish","type":"post","link":"https:\/\/dekkbi.com\/?p=39101","title":{"rendered":"La menace d\u2019un attentat plane au-dessus des JO de Paris"},"content":{"rendered":"\n<p>Qu\u2019est-ce que le groupe terroriste EI-K?  &#8211; Sept personnes ont \u00e9t\u00e9 interpell\u00e9es jeudi lors de 14 perquisitions men\u00e9es dans plusieurs villes du pays et li\u00e9es \u00e0 une enqu\u00eate pour terrorisme.\u00a0Elles sont soup\u00e7onn\u00e9es d\u2019avoir pr\u00e9par\u00e9 un attentat. Les suspects semblent venir d\u2019Asie centrale et pourraient appartenir au groupe terroriste \u00c9tat islamique au Khorassan, une branche de l\u2019EI qui op\u00e8re principalement en Afghanistan. Mais qu\u2019est-ce que l\u2019EI-K exactement? L&rsquo;analyse de Guy Van Vlierden journaliste sp\u00e9cialiste du terrorisme \u00e0 Het Laatste Nieuws.<\/p>\n\n\n\n<p>L\u2019\u00c9tat islamique au Khorassan est une branche r\u00e9gionale du groupe terroriste \u00c9tat islamique, fond\u00e9e en 2015. Khorassan est le nom historique d\u2019une r\u00e9gion qui comprend des parties de l\u2019Iran actuel (dont une province porte encore ce nom aujourd\u2019hui), du Turkm\u00e9nistan, de l\u2019Ouzb\u00e9kistan, du Kirghizistan, du Tadjikistan et de l\u2019Afghanistan. Le centre de gravit\u00e9 de cette branche de l\u2019EI se trouve d\u2019ailleurs en Afghanistan, o\u00f9 elle est en concurrence avec les talibans affili\u00e9s \u00e0 son grand rival Al-Qaida.<\/p>\n\n\n\n<p>Depuis que les talibans ont repris le pouvoir en 2021, l\u2019EI-K a s\u00e9rieusement r\u00e9gress\u00e9 au pays. Cette ann\u00e9e-l\u00e0, l\u2019EI-K commet un attentat particuli\u00e8rement sanglant \u00e0 l\u2019a\u00e9roport de Kaboul, qui co\u00fbt\u00e9 la vie \u00e0 169 Afghans ainsi qu\u2019\u00e0 13 soldats am\u00e9ricains.<\/p>\n\n\n\n<h2 class=\"wp-block-heading\">Les regards tourn\u00e9s vers l\u2019\u00e9tranger<\/h2>\n\n\n\n<p>Si entre ao\u00fbt 2018 et ao\u00fbt 2019, 400 actes terroristes lui sont imput\u00e9s, ce chiffre chute \u00e0 69 entre ao\u00fbt 2022 et ao\u00fbt de l\u2019ann\u00e9e derni\u00e8re. Une baisse coupl\u00e9e \u00e0 une autre strat\u00e9gie tourn\u00e9e vers l\u2019\u00e9tranger notamment pour le recrutement. Le groupe commence \u00e0 diffuser sa propagande dans une dizaine de langues et lance un magazine en anglais, \u201cVoice of Khurasan\u201d, il y a deux ans.<\/p>\n\n\n\n<p>L\u2019EI-K \u00e9tend d\u2019abord son champ d\u2019action aux pays voisins, avec des attaques au Pakistan, en Ouzb\u00e9kistan et au Tadjikistan. Il se tourne ensuite vers l\u2019Iran, o\u00f9 il tue 94 personnes lors d\u2019un double attentat-suicide \u00e0 Kerman, le 3 janvier dernier. Si l\u2019attentat de Krasnogorsk, pr\u00e8s de Moscou, n\u2019a pas \u00e9t\u00e9 explicitement revendiqu\u00e9 par une organisation affili\u00e9e sp\u00e9cifique, l\u2019origine des auteurs ne laisse planer que peu de doutes. Tous les quatre seraient originaires du Tadjikistan, principal terrain de recrutement de l\u2019EI-K.<\/p>\n\n\n\n<p>Lorsque la police allemande arr\u00eate quatre Tadjiks en avril 2020 pour des complots terroristes contre des bases militaires, il s\u2019av\u00e8re que les ordres sont transmis depuis la Syrie. Les suspects sont \u00e9galement en contact avec un haut responsable de l\u2019EI en Afghanistan. Lorsque des attentats contre la cath\u00e9drale de Cologne et une cath\u00e9drale de Vienne sont d\u00e9jou\u00e9s \u00e0 la fin de l\u2019ann\u00e9e derni\u00e8re, les autorit\u00e9s ciblent l\u2019EI-K \u00e0 l\u2019heure d\u2019\u00e9tablir les origines des complots.<\/p>\n\n\n\n<h2 class=\"wp-block-heading\">\u201cLa seule branche capable de lancer une attaque majeure\u201d<\/h2>\n\n\n\n<p>\u201cL\u2019EI-K est peut-\u00eatre la seule branche de l\u2019\u00c9tat islamique qui soit actuellement capable de lancer une attaque majeure et coordonn\u00e9e en Occident\u201d, d\u00e9clarait \u00e0 l\u2019\u00e9poque Peter Neumann, sp\u00e9cialiste du terrorisme au King\u2019s College de Londres.<\/p>\n\n\n\n<p>Un rapport consacr\u00e9 \u00e0 l\u2019EI-K et \u00e9labor\u00e9 par l\u2019United States Institute of Peace (l\u2019Institut am\u00e9ricain pour la paix) en juin dernier pointe la double motivation d\u2019une telle attaque en Occident: remettre l\u2019EI sur la carte en tant que leader du djihad mondial et, en raison de ses origines afghanes, bl\u00e2mer les talibans.<\/p>\n\n\n\n<p>\u201cL\u2019\u00c9tat islamique tente depuis cinq ans de r\u00e9tablir une structure pour des attaques \u00e9trang\u00e8res majeures\u201d, assure l\u2019un des auteurs de ce rapport, l\u2019expert danois du djihad Tore Refslund Hamming. \u201cEt cela semble avoir r\u00e9ussi\u201d. L\u2019expert est convaincu que l\u2019Europe occidentale demeure dans le collimateur. \u201cUn \u00e9v\u00e9nement sur lequel ils vont concentrer tous leurs efforts, c\u2019est les JO de Paris\u201d, affirme-t-il.<\/p>\n\n\n\n<p>La presse fran\u00e7aise a \u00e9galement fait r\u00e9f\u00e9rence aux JO lorsque le gouvernement a relev\u00e9 le niveau de menace, en mars dernier. Depuis janvier, le niveau de menace se situait au deuxi\u00e8me des trois niveaux, mais il est d\u00e9sormais au maximum. En Belgique, il y a quatre niveaux, le deuxi\u00e8me \u00e9tant d\u2019application depuis l\u2019attaque contre deux supporters su\u00e9dois en octobre dernier.<\/p>\n","protected":false},"excerpt":{"rendered":"<p>Qu\u2019est-ce que le groupe terroriste EI-K? &#8211; Sept personnes ont \u00e9t\u00e9 interpell\u00e9es jeudi lors de 14 perquisitions men\u00e9es dans plusieurs<\/p>\n","protected":false},"author":1,"featured_media":39102,"comment_status":"open","ping_status":"open","sticky":false,"template":"","format":"standard","meta":{"footnotes":""},"categories":[51],"tags":[],"class_list":["post-39101","post","type-post","status-publish","format-standard","has-post-thumbnail","hentry","category-general"],"_links":{"self":[{"href":"https:\/\/dekkbi.com\/index.php?rest_route=\/wp\/v2\/posts\/39101","targetHints":{"allow":["GET"]}}],"collection":[{"href":"https:\/\/dekkbi.com\/index.php?rest_route=\/wp\/v2\/posts"}],"about":[{"href":"https:\/\/dekkbi.com\/index.php?rest_route=\/wp\/v2\/types\/post"}],"author":[{"embeddable":true,"href":"https:\/\/dekkbi.com\/index.php?rest_route=\/wp\/v2\/users\/1"}],"replies":[{"embeddable":true,"href":"https:\/\/dekkbi.com\/index.php?rest_route=%2Fwp%2Fv2%2Fcomments&post=39101"}],"version-history":[{"count":2,"href":"https:\/\/dekkbi.com\/index.php?rest_route=\/wp\/v2\/posts\/39101\/revisions"}],"predecessor-version":[{"id":39104,"href":"https:\/\/dekkbi.com\/index.php?rest_route=\/wp\/v2\/posts\/39101\/revisions\/39104"}],"wp:featuredmedia":[{"embeddable":true,"href":"https:\/\/dekkbi.com\/index.php?rest_route=\/wp\/v2\/media\/39102"}],"wp:attachment":[{"href":"https:\/\/dekkbi.com\/index.php?rest_route=%2Fwp%2Fv2%2Fmedia&parent=39101"}],"wp:term":[{"taxonomy":"category","embeddable":true,"href":"https:\/\/dekkbi.com\/index.php?rest_route=%2Fwp%2Fv2%2Fcategories&post=39101"},{"taxonomy":"post_tag","embeddable":true,"href":"https:\/\/dekkbi.com\/index.php?rest_route=%2Fwp%2Fv2%2Ftags&post=39101"}],"curies":[{"name":"wp","href":"https:\/\/api.w.org\/{rel}","templated":true}]}}