{"id":39098,"date":"2024-07-26T10:52:00","date_gmt":"2024-07-26T10:52:00","guid":{"rendered":"https:\/\/dekkbi.com\/?p=39098"},"modified":"2024-07-26T10:52:23","modified_gmt":"2024-07-26T10:52:23","slug":"etats-unis-kamala-harris-promet-de-ne-pas-rester-silencieuse-sur-gaza-apres-un-entretien-avec-netanyahu","status":"publish","type":"post","link":"https:\/\/dekkbi.com\/?p=39098","title":{"rendered":"\u00c9tats-Unis: Kamala Harris promet de ne pas \u00abrester silencieuse\u00bb sur Gaza apr\u00e8s un entretien avec Netanyahu"},"content":{"rendered":"\n<p>Kamala Harris a donn\u00e9, jeudi 25 juillet 2024, le signal d&rsquo;un possible changement majeur dans la politique am\u00e9ricaine \u00e0 l&rsquo;\u00e9gard de Gaza, promettant de ne pas rester \u00ab<em>&nbsp;silencieuse<\/em>&nbsp;\u00bb face aux souffrances des civils et insistant sur la n\u00e9cessit\u00e9 de conclure un accord de paix sans tarder.<\/p>\n\n\n\n<p>Par :RFI avec AFP<\/p>\n\n\n\n<p>Loin des habitudes du pr\u00e9sident sortant Joe Biden, qui privil\u00e9gie avec\u00a0<strong>Isra\u00ebl<\/strong>\u00a0les pressions en coulisses, la vice-pr\u00e9sidente a d\u00e9clar\u00e9, apr\u00e8s avoir rencontr\u00e9\u00a0<strong>Benyamin Netanyahu<\/strong>, qu&rsquo;il \u00e9tait temps de mettre un terme \u00e0 la guerre \u00ab<em>\u00a0d\u00e9vastatrice<\/em>\u00a0\u00bb.<\/p>\n\n\n\n<p>\u00ab<em>\u00a0Ce qui s&rsquo;est pass\u00e9 \u00e0\u00a0<strong>Gaza<\/strong>\u00a0au cours des neuf derniers mois est d\u00e9vastateur<\/em>\u00a0\u00bb, a-t-elle d\u00e9clar\u00e9, \u00e9voquant les \u00ab<em>\u00a0enfants morts<\/em>\u00a0\u00bb et les \u00ab\u00a0<em>personnes d\u00e9sesp\u00e9r\u00e9es et affam\u00e9es fuyant pour se mettre \u00e0 l&rsquo;abri\u00a0<\/em>\u00bb. \u00ab<em>\u00a0Nous ne pouvons pas d\u00e9tourner le regard de ces trag\u00e9dies. Nous ne pouvons pas nous permettre de devenir insensibles \u00e0 la souffrance et je ne resterai pas silencieuse<\/em>\u00a0\u00bb, a-t-elle ajout\u00e9 devant la presse.<\/p>\n\n\n\n<p>L&rsquo;ex-s\u00e9natrice, \u00e2g\u00e9e de 59 ans et engag\u00e9e dans la course \u00e0 la Maison Blanche apr\u00e8s le retrait de Joe Biden le week-end dernier, a expliqu\u00e9 avoir insist\u00e9 aupr\u00e8s de Benyamin Netanyahu sur la situation d\u00e9sastreuse lors de cette rencontre \u00ab<em>\u00a0franche<\/em>\u00a0\u00bb. Elle lui a demand\u00e9 de conclure un accord de cessez-le-feu et de lib\u00e9ration des otages avec le Hamas afin de mettre fin \u00e0 la guerre d\u00e9clench\u00e9e par l&rsquo;attaque du mouvement palestinien contre Isra\u00ebl le 7 octobre.\u00a0<strong>Kamala Harris<\/strong>\u00a0a \u00e9galement appel\u00e9 \u00e0 la cr\u00e9ation d&rsquo;un \u00c9tat palestinien, \u00e0 laquelle s&rsquo;oppose le Premier ministre isra\u00e9lien.<\/p>\n\n\n\n<h2 class=\"wp-block-heading\">Rencontre avec Joe Biden<\/h2>\n\n\n\n<p>Un discours qui tranche avec l&rsquo;image de grande cordialit\u00e9 affich\u00e9e par Joe Biden et Benyamin Netanyahu plus t\u00f4t dans la journ\u00e9e, m\u00eame si les deux hommes entretiennent des relations notoirement compliqu\u00e9es.&nbsp;C&rsquo;est en plein tumulte politique que le Premier ministre isra\u00e9lien a pos\u00e9 le pied aux \u00c9tats-Unis, seulement quatre jours apr\u00e8s l&rsquo;annonce fracassante du retrait de Joe Biden, 81 ans, de la campagne pour l&rsquo;\u00e9lection pr\u00e9sidentielle de novembre.<\/p>\n\n\n\n<p>\u00ab<em>&nbsp;Je tiens \u00e0 vous remercier pour ces 50 ann\u00e9es de travail au service du public et de soutien \u00e0 l&rsquo;\u00c9tat d&rsquo;Isra\u00ebl&nbsp;<\/em>\u00bb, a d\u00e9clar\u00e9 le dirigeant isra\u00e9lien avant d&rsquo;ajouter&nbsp;: \u00ab&nbsp;<em>Je me r\u00e9jouis de travailler avec vous dans les mois qui viennent.&nbsp;<\/em>\u00bb Le pr\u00e9sident am\u00e9ricain affiche son fort soutien \u00e0 Isra\u00ebl depuis le d\u00e9but du conflit, mais s&rsquo;est montr\u00e9 de plus en plus critique au fur et \u00e0 mesure qu&rsquo;augmentait le bilan des victimes civiles \u00e0 Gaza.&nbsp;Il veut maintenant faire pression sur Benyamin Netanyahu dans l&rsquo;espoir d&rsquo;arriver \u00e0 un accord de cessez-le-feu.<\/p>\n\n\n\n<p>La Maison Blanche a expliqu\u00e9 que le pr\u00e9sident am\u00e9ricain avait r\u00e9affirm\u00e9 la n\u00e9cessit\u00e9 de parvenir \u00e0 un accord \u00ab<em>&nbsp;rapidement<\/em>&nbsp;\u00bb, selon le porte-parole du Conseil de s\u00e9curit\u00e9 nationale, John Kirby. Les dirigeants se sont ensuite entretenus avec des familles d&rsquo;otages am\u00e9ricains d\u00e9tenus \u00e0 Gaza, qui ont qualifi\u00e9 la r\u00e9union de \u00ab<em>&nbsp;productive<\/em>&nbsp;\u00bb.<\/p>\n\n\n\n<h2 class=\"wp-block-heading\">Derni\u00e8re \u00e9tape en Floride<\/h2>\n\n\n\n<p>C\u2019est ce qui s\u2019appelle ne pas mettre tous ses \u0153ufs dans le m\u00eame panier. Benyamin Netanyahu a des attentions d\u00e9licates pour tout le monde politique am\u00e9ricain. Il n\u2019\u00e9tait donc pas question qu\u2019il oublie de saluer Donald Trump : pour la fin de son voyage outre-Atlantique, Benyamin Netanyahu se rend ce vendredi en Floride, \u00e0 l&rsquo;invitation de Donald Trump qu&rsquo;il a longuement remerci\u00e9 dans son discours devant les \u00e9lus \u00e0 Washington.&nbsp;Jeudi matin, l&rsquo;ancien pr\u00e9sident r\u00e9publicain a exhort\u00e9 Isra\u00ebl \u00e0 \u00ab<em>&nbsp;terminer<\/em>&nbsp;\u00bb rapidement sa guerre \u00e0 Gaza, avertissant que son image mondiale \u00e9tait en train de se ternir. \u00ab<em>&nbsp;Il faut en finir rapidement. Cela ne peut plus durer. C&rsquo;est trop long<\/em>&nbsp;\u00bb, a-t-il d\u00e9clar\u00e9 \u00e0 Fox News.<\/p>\n\n\n\n<p>C\u2019est \u00e0 l\u2019ancien pr\u00e9sident que le Premier ministre isra\u00e9lien doit le transfert de l\u2019ambassade am\u00e9ricaine de\u00a0<strong>Tel-Aviv \u00e0 J\u00e9rusalem en mai 2018<\/strong>.\u00a0Une mesure symbolique pour l\u2019\u00c9tat h\u00e9breu qui, comme le rappelait le Premier ministre isra\u00e9lien mardi dans son discours au Congr\u00e8s, consid\u00e8re la ville comme sa capitale \u00e9ternelle et indivisible. C\u2019est aussi Donald Trump qui est \u00e0 l\u2019origine des\u00a0<strong>accords d\u2019Abraham<\/strong>\u00a0en 2020, qui ont permis la fin de l\u2019isolement diplomatique isra\u00e9lien dans le monde arabe. Cette visite est donc une fa\u00e7on de remercier Donald Trump, tout en lui accordant une importance et une stature que la Constitution am\u00e9ricaine ne lui donne pas.<\/p>\n\n\n\n<p>Mais comme Benyamin Netanyahu, qui a fait des \u00e9tudes aux \u00c9tats-Unis, est aussi un fin connaisseur de la politique am\u00e9ricaine, il ne fait cette visite qu\u2019apr\u00e8s s\u2019\u00eatre rendu \u00e0 la Maison Blanche. Il ne faut pas insulter l\u2019avenir.&nbsp;<\/p>\n\n\n\n<p>\u00c0 lire aussi<\/p>\n","protected":false},"excerpt":{"rendered":"<p>Kamala Harris a donn\u00e9, jeudi 25 juillet 2024, le signal d&rsquo;un possible changement majeur dans la politique am\u00e9ricaine \u00e0 l&rsquo;\u00e9gard<\/p>\n","protected":false},"author":1,"featured_media":39099,"comment_status":"open","ping_status":"open","sticky":false,"template":"","format":"standard","meta":{"footnotes":""},"categories":[51],"tags":[],"class_list":["post-39098","post","type-post","status-publish","format-standard","has-post-thumbnail","hentry","category-general"],"_links":{"self":[{"href":"https:\/\/dekkbi.com\/index.php?rest_route=\/wp\/v2\/posts\/39098","targetHints":{"allow":["GET"]}}],"collection":[{"href":"https:\/\/dekkbi.com\/index.php?rest_route=\/wp\/v2\/posts"}],"about":[{"href":"https:\/\/dekkbi.com\/index.php?rest_route=\/wp\/v2\/types\/post"}],"author":[{"embeddable":true,"href":"https:\/\/dekkbi.com\/index.php?rest_route=\/wp\/v2\/users\/1"}],"replies":[{"embeddable":true,"href":"https:\/\/dekkbi.com\/index.php?rest_route=%2Fwp%2Fv2%2Fcomments&post=39098"}],"version-history":[{"count":1,"href":"https:\/\/dekkbi.com\/index.php?rest_route=\/wp\/v2\/posts\/39098\/revisions"}],"predecessor-version":[{"id":39100,"href":"https:\/\/dekkbi.com\/index.php?rest_route=\/wp\/v2\/posts\/39098\/revisions\/39100"}],"wp:featuredmedia":[{"embeddable":true,"href":"https:\/\/dekkbi.com\/index.php?rest_route=\/wp\/v2\/media\/39099"}],"wp:attachment":[{"href":"https:\/\/dekkbi.com\/index.php?rest_route=%2Fwp%2Fv2%2Fmedia&parent=39098"}],"wp:term":[{"taxonomy":"category","embeddable":true,"href":"https:\/\/dekkbi.com\/index.php?rest_route=%2Fwp%2Fv2%2Fcategories&post=39098"},{"taxonomy":"post_tag","embeddable":true,"href":"https:\/\/dekkbi.com\/index.php?rest_route=%2Fwp%2Fv2%2Ftags&post=39098"}],"curies":[{"name":"wp","href":"https:\/\/api.w.org\/{rel}","templated":true}]}}