{"id":39085,"date":"2024-07-26T10:35:50","date_gmt":"2024-07-26T10:35:50","guid":{"rendered":"https:\/\/dekkbi.com\/?p=39085"},"modified":"2024-07-26T10:41:51","modified_gmt":"2024-07-26T10:41:51","slug":"renforcement-de-ladministration-le-senegal-recolte-10-millions-deuros-de-lallemagne-pour-le-financement-du-projet-doolel-admin","status":"publish","type":"post","link":"https:\/\/dekkbi.com\/?p=39085","title":{"rendered":"\u00abDoolel Admin\u00bb: l\u2019Allemagne donne 10 millions d\u2019euros"},"content":{"rendered":"\n<p>Le minist\u00e8re de la Fonction publique et de la R\u00e9forme du service public a organis\u00e9, ce jeudi 25 juillet 2024, une r\u00e9union du comit\u00e9 de pilotage (COPIL) du projet \u00ab Renforcer une administration tourn\u00e9e vers l\u2019avenir pour un d\u00e9veloppement durable au S\u00e9n\u00e9gal \u00bb d\u00e9nomm\u00e9 \u00ab Doolel Admin \u00bb. Suivant une approche multi-niveau et multi-acteur, l\u2019ex\u00e9cution du projet implique 21 partenaires au sein de l\u2019administration.<\/p>\n\n\n\n<p>&nbsp;Cette rencontre qui r\u00e9unit tous les acteurs de l\u2019\u00e9cosyst\u00e8me de la r\u00e9forme du service public s\u2019inscrit en droite ligne des orientations de son excellence, le pr\u00e9sident de la R\u00e9publique Bassirou Diomaye Faye consistant \u00e0 faire la r\u00e9forme du service public un marqueur fort de la nouvelle gestion publique.<\/p>\n\n\n\n<p>Le ministre Olivier Boucal a rappel\u00e9 que le projet Doolel Admin dont son d\u00e9partement assure la tutelle est un exemple de partenariat r\u00e9ussi entre le gouvernement du S\u00e9n\u00e9gal et la r\u00e9publique f\u00e9d\u00e9rale d&rsquo;allemagne. Con\u00e7u par la GIZ en 2021, ce projet a fait l\u2019objet d\u2019une convention entre le gouvernement allemand et celui du S\u00e9n\u00e9gal pour un montant de financement de 10 millions d\u2019euros soit environ 6 milliards de FCFA sur une p\u00e9riode de 4 ans. L\u2019objectif du projet est de renforcer l\u2019administration dans ses capacit\u00e9s \u00e0 mettre en \u0153uvre les r\u00e9formes \u00e9conomiques et la promotion de l\u2019emploi. Trois r\u00e9sultats sont vis\u00e9s: l&rsquo;am\u00e9lioration de la&nbsp; capacit\u00e9 de pilotage,de suivi et de mise en \u0153uvre des principaux acteurs des r\u00e9formes administratives. Des bases m\u00e9thodologiques et des outils manag\u00e9riaux pour une gestion efficace et durable des r\u00e9formes favorisant la croissance \u00e9conomique et la promotion de l&#8217;emploi sont cr\u00e9\u00e9s au sein des minist\u00e8res en charge de l&rsquo;\u00e9conomie et de l&rsquo;industrie et l&rsquo;am\u00e9lioration de&nbsp; la qualit\u00e9 d&rsquo;une&nbsp; s\u00e9lection de proc\u00e9dures administratives au niveau local.<\/p>\n\n\n\n<p>Ce projet cible deux r\u00e9gions pilotes que sont Kaolack et Kaffrine et deux groupes (groupes cibles directe (agents de l\u2019administration centrale et d\u00e9concentr\u00e9e et du groupe cible indirect (citoyens et les entreprises). Ce choix est d\u00fb \u00e0 la d\u00e9concentration dans les r\u00e9gions qui sont dans les profondeurs.<\/p>\n\n\n\n<figure class=\"wp-block-embed is-type-rich is-provider-prise-en-charge-des-contenus-embarqu-s wp-block-embed-prise-en-charge-des-contenus-embarqu-s wp-embed-aspect-16-9 wp-has-aspect-ratio\"><div class=\"wp-block-embed__wrapper\">\n<iframe loading=\"lazy\" title=\"Renforcement de l&#039;administration :Le S\u00e9n\u00e9gal r\u00e9colte 10 Millions d&#039;euros... de l&#039;Allemagne\" width=\"800\" height=\"450\" src=\"https:\/\/www.youtube.com\/embed\/9WaOq3XhxD8?feature=oembed\" frameborder=\"0\" allow=\"accelerometer; autoplay; clipboard-write; encrypted-media; gyroscope; picture-in-picture; web-share\" referrerpolicy=\"strict-origin-when-cross-origin\" allowfullscreen><\/iframe>\n<\/div><\/figure>\n\n\n\n<p>Dieynaba Agne<\/p>\n\n\n\n<p>DAKARACTUR<\/p>\n","protected":false},"excerpt":{"rendered":"<p>Le minist\u00e8re de la Fonction publique et de la R\u00e9forme du service public a organis\u00e9, ce jeudi 25 juillet 2024,<\/p>\n","protected":false},"author":1,"featured_media":39087,"comment_status":"open","ping_status":"open","sticky":false,"template":"","format":"standard","meta":{"footnotes":""},"categories":[3],"tags":[],"class_list":["post-39085","post","type-post","status-publish","format-standard","has-post-thumbnail","hentry","category-event-more-news"],"_links":{"self":[{"href":"https:\/\/dekkbi.com\/index.php?rest_route=\/wp\/v2\/posts\/39085","targetHints":{"allow":["GET"]}}],"collection":[{"href":"https:\/\/dekkbi.com\/index.php?rest_route=\/wp\/v2\/posts"}],"about":[{"href":"https:\/\/dekkbi.com\/index.php?rest_route=\/wp\/v2\/types\/post"}],"author":[{"embeddable":true,"href":"https:\/\/dekkbi.com\/index.php?rest_route=\/wp\/v2\/users\/1"}],"replies":[{"embeddable":true,"href":"https:\/\/dekkbi.com\/index.php?rest_route=%2Fwp%2Fv2%2Fcomments&post=39085"}],"version-history":[{"count":2,"href":"https:\/\/dekkbi.com\/index.php?rest_route=\/wp\/v2\/posts\/39085\/revisions"}],"predecessor-version":[{"id":39093,"href":"https:\/\/dekkbi.com\/index.php?rest_route=\/wp\/v2\/posts\/39085\/revisions\/39093"}],"wp:featuredmedia":[{"embeddable":true,"href":"https:\/\/dekkbi.com\/index.php?rest_route=\/wp\/v2\/media\/39087"}],"wp:attachment":[{"href":"https:\/\/dekkbi.com\/index.php?rest_route=%2Fwp%2Fv2%2Fmedia&parent=39085"}],"wp:term":[{"taxonomy":"category","embeddable":true,"href":"https:\/\/dekkbi.com\/index.php?rest_route=%2Fwp%2Fv2%2Fcategories&post=39085"},{"taxonomy":"post_tag","embeddable":true,"href":"https:\/\/dekkbi.com\/index.php?rest_route=%2Fwp%2Fv2%2Ftags&post=39085"}],"curies":[{"name":"wp","href":"https:\/\/api.w.org\/{rel}","templated":true}]}}