{"id":39070,"date":"2024-07-26T10:22:35","date_gmt":"2024-07-26T10:22:35","guid":{"rendered":"https:\/\/dekkbi.com\/?p=39070"},"modified":"2024-07-26T10:22:36","modified_gmt":"2024-07-26T10:22:36","slug":"reformes-politiques-et-gouvernance-le-chemin-vers-la-stabilite-en-afrique-de-louest","status":"publish","type":"post","link":"https:\/\/dekkbi.com\/?p=39070","title":{"rendered":"R\u00e9formes Politiques et Gouvernance : Le Chemin vers la Stabilit\u00e9 en Afrique de l&rsquo;Ouest"},"content":{"rendered":"\n<p>iGFM &#8211; (Dakar) Pour mieux comprendre les r\u00e9formes politiques n\u00e9cessaires pour am\u00e9liorer la gouvernance et la stabilit\u00e9 dans les pays du Sahel, on a \u00e9chang\u00e9 avec M. Boubacar Biro Diallo, un jeune s\u00e9n\u00e9galais vivant aux \u00c9tats-Unis avec une exp\u00e9rience nationale et internationale sur les questions de d\u00e9veloppement en Afrique. M. Diallo a r\u00e9cemment publi\u00e9 un article intitul\u00e9<\/p>\n\n\n\n<p>\u00ab\u00a0Crise au Sahel : S\u00e9curit\u00e9, Putschs Militaires et R\u00e9alignement Politique\u00a0\u00bb, dans lequel il affirme que les nouveaux r\u00e9gimes promettent des r\u00e9formes et des changements, mais devront relever des d\u00e9fis colossaux pour r\u00e9tablir concr\u00e8tement la s\u00e9curit\u00e9 et satisfaire les besoins essentiels de leurs concitoyens.<\/p>\n\n\n\n<p><strong>M. Diallo, la r\u00e9gion du Sahel est actuellement confront\u00e9e \u00e0 une instabilit\u00e9 politique et s\u00e9curitaire sans pr\u00e9c\u00e9dent. Quels sont, selon vous, les principaux facteurs \u00e0 l&rsquo;origine de cette situation ?<\/strong><\/p>\n\n\n\n<p><br>M. Boubacar Biro Diallo : La situation au Sahel est le r\u00e9sultat de plusieurs facteurs interconnect\u00e9s. D&rsquo;une part, il y a l&rsquo;ins\u00e9curit\u00e9 chronique due \u00e0 l&rsquo;activit\u00e9 de groupes arm\u00e9s et terroristes. D&rsquo;autre part, les gouvernements successifs ont souvent \u00e9t\u00e9 per\u00e7us comme inefficaces et corrompus, ce qui a conduit \u00e0 une m\u00e9fiance g\u00e9n\u00e9ralis\u00e9e envers les autorit\u00e9s. Les r\u00e9cents coups d&rsquo;\u00c9tat militaires sont symptomatiques de cette d\u00e9sillusion populaire et de l&rsquo;incapacit\u00e9 des r\u00e9gimes civils \u00e0 r\u00e9pondre aux besoins de leurs populations.<\/p>\n\n\n\n<p><br><strong>Vous mentionnez les coups d&rsquo;\u00c9tat militaires. Quels types de r\u00e9formes politiques sont n\u00e9cessaires pour r\u00e9tablir la gouvernance et la stabilit\u00e9 dans ces pays ?<\/strong><\/p>\n\n\n\n<p><br>M. Diallo : Plusieurs axes de r\u00e9formes sont indispensables. Premi\u00e8rement, il faut renforcer les institutions d\u00e9mocratiques pour garantir la transparence, la responsabilit\u00e9 et la participation citoyenne. Cela implique la r\u00e9forme des syst\u00e8mes \u00e9lectoraux et l&rsquo;ind\u00e9pendance du pouvoir judiciaire. Deuxi\u00e8mement, la lutte contre la corruption est cruciale. Des m\u00e9canismes robustes, comme des agences ind\u00e9pendantes de surveillance et des lois strictes contre la corruption, doivent \u00eatre mis en place.<\/p>\n\n\n\n<p><br><strong>&nbsp; Comment la d\u00e9centralisation et l&rsquo;autonomie locale peuvent-elles contribuer \u00e0 am\u00e9liorer la gouvernance dans le Sahel ?<\/strong><\/p>\n\n\n\n<p><br>M. Diallo : La centralisation excessive du pouvoir a souvent conduit \u00e0 une gestion inefficace et \u00e0 l&rsquo;exclusion des communaut\u00e9s locales. La d\u00e9centralisation permet une meilleure gestion des ressources et une plus grande implication des communaut\u00e9s dans les processus d\u00e9cisionnels. En donnant plus de pouvoir aux gouvernements locaux, on peut mieux r\u00e9pondre aux besoins sp\u00e9cifiques des populations et renforcer la l\u00e9gitimit\u00e9 des autorit\u00e9s locales.<\/p>\n\n\n\n<p><br><strong>&nbsp; Qu&rsquo;en est-il des forces de s\u00e9curit\u00e9 ? Quelles r\u00e9formes sont n\u00e9cessaires dans ce domaine ?<\/strong><\/p>\n\n\n\n<p>M. Diallo : Les forces de s\u00e9curit\u00e9 doivent \u00eatre r\u00e9form\u00e9es pour \u00eatre plus professionnelles, responsables et respectueuses des droits de l&rsquo;homme. Cela inclut la formation, la r\u00e9organisation et la surveillance des forces de police et militaires. Une approche int\u00e9gr\u00e9e de la s\u00e9curit\u00e9 et de la gouvernance est n\u00e9cessaire pour assurer la stabilit\u00e9 \u00e0 long terme.<br>&nbsp;<\/p>\n\n\n\n<p><strong>La soci\u00e9t\u00e9 civile joue \u00e9galement un r\u00f4le crucial dans la gouvernance. Comment peut-elle \u00eatre renforc\u00e9e ?<\/strong><\/p>\n\n\n\n<p><br>M. Diallo : La soci\u00e9t\u00e9 civile doit \u00eatre soutenue pour jouer un r\u00f4le actif dans la gouvernance. Cela inclut le soutien aux ONG, aux groupes communautaires et aux m\u00e9dias ind\u00e9pendants pour qu&rsquo;ils puissent surveiller les actions du gouvernement et promouvoir la participation citoyenne. Une soci\u00e9t\u00e9 civile forte est essentielle pour une gouvernance transparente et responsable.<\/p>\n\n\n\n<p><strong> Quels sont les principaux d\u00e9fis \u00e0 surmonter pour la mise en \u0153uvre de ces r\u00e9formes ?<\/strong><\/p>\n\n\n\n<p>M. Diallo : La mise en \u0153uvre de ces r\u00e9formes n&rsquo;est pas sans d\u00e9fis. Les autorit\u00e9s militaires doivent gagner la confiance des populations et prouver leur l\u00e9gitimit\u00e9 en tenant leurs promesses de r\u00e9formes et en organisant des \u00e9lections libres et \u00e9quitables. Les conflits arm\u00e9s en cours et l&rsquo;ins\u00e9curit\u00e9 persistante compliquent la mise en \u0153uvre des r\u00e9formes, n\u00e9cessitant une approche int\u00e9gr\u00e9e de la s\u00e9curit\u00e9 et de la gouvernance. Enfin, les r\u00e9formes \u00e9conomiques sont essentielles pour soutenir les r\u00e9formes politiques. La diversification \u00e9conomique, la cr\u00e9ation d&#8217;emplois et le d\u00e9veloppement rural sont des priorit\u00e9s pour am\u00e9liorer les conditions de vie et r\u00e9duire les tensions sociales.<\/p>\n\n\n\n<p><strong>\u00a0En conclusion, pensez-vous que la r\u00e9gion du Sahel puisse surmonter ces d\u00e9fis et parvenir \u00e0 une stabilit\u00e9 durable ?<\/strong><\/p>\n\n\n\n<p>M. Diallo : Je suis optimiste. Bien que la route soit parsem\u00e9e d&#8217;emb\u00fbches, avec une volont\u00e9 politique ferme et un engagement des acteurs locaux et internationaux, un avenir plus stable et prosp\u00e8re est possible pour les pays du Sahel. Les r\u00e9cents changements de r\u00e9gime offrent une opportunit\u00e9 unique de repenser et de r\u00e9organiser les syst\u00e8mes politiques pour mieux r\u00e9pondre aux besoins des populations.<\/p>\n\n\n\n<p><\/p>\n","protected":false},"excerpt":{"rendered":"<p>iGFM &#8211; (Dakar) Pour mieux comprendre les r\u00e9formes politiques n\u00e9cessaires pour am\u00e9liorer la gouvernance et la stabilit\u00e9 dans les pays<\/p>\n","protected":false},"author":1,"featured_media":39071,"comment_status":"open","ping_status":"open","sticky":false,"template":"","format":"standard","meta":{"footnotes":""},"categories":[51],"tags":[],"class_list":["post-39070","post","type-post","status-publish","format-standard","has-post-thumbnail","hentry","category-general"],"_links":{"self":[{"href":"https:\/\/dekkbi.com\/index.php?rest_route=\/wp\/v2\/posts\/39070","targetHints":{"allow":["GET"]}}],"collection":[{"href":"https:\/\/dekkbi.com\/index.php?rest_route=\/wp\/v2\/posts"}],"about":[{"href":"https:\/\/dekkbi.com\/index.php?rest_route=\/wp\/v2\/types\/post"}],"author":[{"embeddable":true,"href":"https:\/\/dekkbi.com\/index.php?rest_route=\/wp\/v2\/users\/1"}],"replies":[{"embeddable":true,"href":"https:\/\/dekkbi.com\/index.php?rest_route=%2Fwp%2Fv2%2Fcomments&post=39070"}],"version-history":[{"count":1,"href":"https:\/\/dekkbi.com\/index.php?rest_route=\/wp\/v2\/posts\/39070\/revisions"}],"predecessor-version":[{"id":39072,"href":"https:\/\/dekkbi.com\/index.php?rest_route=\/wp\/v2\/posts\/39070\/revisions\/39072"}],"wp:featuredmedia":[{"embeddable":true,"href":"https:\/\/dekkbi.com\/index.php?rest_route=\/wp\/v2\/media\/39071"}],"wp:attachment":[{"href":"https:\/\/dekkbi.com\/index.php?rest_route=%2Fwp%2Fv2%2Fmedia&parent=39070"}],"wp:term":[{"taxonomy":"category","embeddable":true,"href":"https:\/\/dekkbi.com\/index.php?rest_route=%2Fwp%2Fv2%2Fcategories&post=39070"},{"taxonomy":"post_tag","embeddable":true,"href":"https:\/\/dekkbi.com\/index.php?rest_route=%2Fwp%2Fv2%2Ftags&post=39070"}],"curies":[{"name":"wp","href":"https:\/\/api.w.org\/{rel}","templated":true}]}}