{"id":39054,"date":"2024-07-26T09:41:50","date_gmt":"2024-07-26T09:41:50","guid":{"rendered":"https:\/\/dekkbi.com\/?p=39054"},"modified":"2024-07-26T09:42:27","modified_gmt":"2024-07-26T09:42:27","slug":"reactualisation-du-reglement-interieur-de-lassemblee-nationale-amadou-mame-diop-declenche-le-compte-a-rebours","status":"publish","type":"post","link":"https:\/\/dekkbi.com\/?p=39054","title":{"rendered":"R\u00e9actualisation du r\u00e8glement int\u00e9rieur de l\u2019assembl\u00e9e nationale : Amadou Mame Diop d\u00e9clenche le compte \u00e0 rebours"},"content":{"rendered":"\n<p><strong>Le pr\u00e9sident de l\u2019Assembl\u00e9e nationale&nbsp;<\/strong><strong>Amadou Mame Diop d\u00e9clenche le compte \u00e0 rebours de la proc\u00e9dure de r\u00e9actualisation du R\u00e8glement int\u00e9rieur. Quarante-huit heures&nbsp;<\/strong><strong>apr\u00e8s le d\u00e9p\u00f4t des conclusions du&nbsp;<\/strong><strong>groupe de travail sur la r\u00e9actualisation du R\u00e8glement int\u00e9rieur de l\u2019Assembl\u00e9e nationale, un groupe compos\u00e9 d\u2019experts, des pr\u00e9sidents des trois groupes parlementaires et du repr\u00e9sentant des d\u00e9put\u00e9s non-inscrits, il a convoqu\u00e9 une r\u00e9union du bureau de l\u2019Assembl\u00e9e nationale ce vendredi 26 juillet<\/strong><\/p>\n\n\n\n<p>Les choses s\u2019emballent \u00e0 l\u2019Assembl\u00e9e nationale en perspective de la mise \u00e0 jour du r\u00e8glement int\u00e9rieur de cette institution. Le pr\u00e9sident de la repr\u00e9sentation parlementaire, Amadou Mame Diop, met le pied sur l\u2019acc\u00e9l\u00e9rateur en convoquant les membres du bureau de l\u2019Assembl\u00e9e nationale \u00e0 une rencontre ce vendredi 26 juillet. Pr\u00e9vue \u00e0 la salle de conf\u00e9rence de la Pr\u00e9sidence, cette rencontre intervient quarante-huit heures apr\u00e8s le d\u00e9p\u00f4t des conclusions du groupe de travail sur la r\u00e9actualisation du R\u00e8glement int\u00e9rieur de l\u2019Assembl\u00e9e nationale, un groupe compos\u00e9 d\u2019experts, des pr\u00e9sidents des trois groupes parlementaires et d\u2019un repr\u00e9sentant des d\u00e9put\u00e9s non-inscrits.<\/p>\n\n\n\n<p>Pour rappel, cette r\u00e9actualisation du R\u00e8glement int\u00e9rieur de l\u2019Assembl\u00e9e nationale est depuis quelques jours au c\u0153ur d\u2019un bras de fer entre le bureau de l\u2019Assembl\u00e9e nationale et le Premier ministre, Ousmane Sonko. Aux termes de l\u2019\u00e9ch\u00e9ance de ses trois premiers mois \u00e0 la Primature, le chef du gouvernement \u00e9tait attendu \u00e0 l\u2019Assembl\u00e9e nationale pour faire sa d\u00e9claration de politique g\u00e9n\u00e9rale conform\u00e9ment aux dispositions de l\u2019article 55 de la Constitution et du dernier alin\u00e9a de l\u2019article 98 de la loi n\u00b0 2002-20 du 15 mai 2002 portant R\u00e8glement int\u00e9rieur de l\u2019Assembl\u00e9e nationale.<\/p>\n\n\n\n<p>Cependant, le d\u00e9put\u00e9 Guy Marius Sagna du groupe de la minorit\u00e9 parlementaire Yewwi Askan wi du r\u00e9gime en place, lui a adress\u00e9 une lettre pour l\u2019interpeller sur la carence du r\u00e8glement int\u00e9rieur qui ne reconnait plus la fonction de Premier ministre du fait de la non-r\u00e9int\u00e9gration des dispositions qui avaient \u00e9t\u00e9 supprim\u00e9s en 2019 relativement \u00e0 ce poste. R\u00e9pondant \u00e0 cette interpellation dans une autre lettre, Ousmane Sonko a exig\u00e9 la mise \u00e0 jour du R\u00e8glement int\u00e9rieur avant le 15 juillet. Faute de quoi, il allait faire d\u00e9claration de politique g\u00e9n\u00e9rale devant une assembl\u00e9e populaire regroupant toutes les sensibilit\u00e9s et couches sociales du pays.<\/p>\n\n\n\n<p>Interpell\u00e9 sur ce bras de fer entre son Premier ministre et la repr\u00e9sentation nationale lors de sa premi\u00e8re conf\u00e9rence de presse sur ses 100 premiers jours de gouvernance, le Pr\u00e9sident Bassirou Diomaye Diakhar Faye a annonc\u00e9 avoir d\u00e9samorc\u00e9 la bombe en demandant au pr\u00e9sident de l\u2019Assembl\u00e9e nationale de \u00ab&nbsp;diligenter la mise \u00e0 jour du R\u00e8glement int\u00e9rieur pour permettre au Premier ministre de faire sa D\u00e9claration de politique g\u00e9n\u00e9rale&nbsp;\u00bb, lors d\u2019une audience qu\u2019il lui a accord\u00e9e. Et dans la foul\u00e9e, il avait invit\u00e9 le Premier ministre \u00e0 \u00ab&nbsp;sursoir sa Dpg devant un jury populaire&nbsp;\u00bb.<\/p>\n\n\n\n<p><strong>NANDO CABRAL GOMIS<\/strong><\/p>\n\n\n\n<p>SUDQUOTIDIEN<\/p>\n","protected":false},"excerpt":{"rendered":"<p>Le pr\u00e9sident de l\u2019Assembl\u00e9e nationale&nbsp;Amadou Mame Diop d\u00e9clenche le compte \u00e0 rebours de la proc\u00e9dure de r\u00e9actualisation du R\u00e8glement int\u00e9rieur.<\/p>\n","protected":false},"author":1,"featured_media":3971,"comment_status":"open","ping_status":"open","sticky":false,"template":"","format":"standard","meta":{"footnotes":""},"categories":[6],"tags":[],"class_list":["post-39054","post","type-post","status-publish","format-standard","has-post-thumbnail","hentry","category-politics"],"_links":{"self":[{"href":"https:\/\/dekkbi.com\/index.php?rest_route=\/wp\/v2\/posts\/39054","targetHints":{"allow":["GET"]}}],"collection":[{"href":"https:\/\/dekkbi.com\/index.php?rest_route=\/wp\/v2\/posts"}],"about":[{"href":"https:\/\/dekkbi.com\/index.php?rest_route=\/wp\/v2\/types\/post"}],"author":[{"embeddable":true,"href":"https:\/\/dekkbi.com\/index.php?rest_route=\/wp\/v2\/users\/1"}],"replies":[{"embeddable":true,"href":"https:\/\/dekkbi.com\/index.php?rest_route=%2Fwp%2Fv2%2Fcomments&post=39054"}],"version-history":[{"count":1,"href":"https:\/\/dekkbi.com\/index.php?rest_route=\/wp\/v2\/posts\/39054\/revisions"}],"predecessor-version":[{"id":39055,"href":"https:\/\/dekkbi.com\/index.php?rest_route=\/wp\/v2\/posts\/39054\/revisions\/39055"}],"wp:featuredmedia":[{"embeddable":true,"href":"https:\/\/dekkbi.com\/index.php?rest_route=\/wp\/v2\/media\/3971"}],"wp:attachment":[{"href":"https:\/\/dekkbi.com\/index.php?rest_route=%2Fwp%2Fv2%2Fmedia&parent=39054"}],"wp:term":[{"taxonomy":"category","embeddable":true,"href":"https:\/\/dekkbi.com\/index.php?rest_route=%2Fwp%2Fv2%2Fcategories&post=39054"},{"taxonomy":"post_tag","embeddable":true,"href":"https:\/\/dekkbi.com\/index.php?rest_route=%2Fwp%2Fv2%2Ftags&post=39054"}],"curies":[{"name":"wp","href":"https:\/\/api.w.org\/{rel}","templated":true}]}}