{"id":39051,"date":"2024-07-26T09:40:14","date_gmt":"2024-07-26T09:40:14","guid":{"rendered":"https:\/\/dekkbi.com\/?p=39051"},"modified":"2024-07-26T09:40:14","modified_gmt":"2024-07-26T09:40:14","slug":"balla-moussa-fofana-letat-va-apporter-des-correctifs-au-pud-de-guediawaye-et-keur-massar","status":"publish","type":"post","link":"https:\/\/dekkbi.com\/?p=39051","title":{"rendered":"Balla Moussa Fofana: \u201dl\u2019Etat va apporter des correctifs au PUD de Gu\u00e9diawaye et Keur-Massar\u201d"},"content":{"rendered":"\n<p>Keur-Massar,  (APS) \u2013 L\u2019 \u00c9tat prendra les dispositions n\u00e9cessaires pour apporter des corrections sur plusieurs sites et projets du plan d\u2019urbanisme d\u00e9taill\u00e9 (PUD) situ\u00e9s entre les d\u00e9partements de Keur-Massar et Gu\u00e9diawaye, a indiqu\u00e9, jeudi, le ministre de l\u2019Urbanisme, des Collectivit\u00e9s territoriales et de l\u2019Am\u00e9nagement des territoires, Balla Moussa Fofana.<\/p>\n\n\n\n<p>Il s\u2019exprimait \u00e0 l\u2019issue d\u2019une visite effectu\u00e9e sur quatre sites des d\u00e9partements de Gu\u00e9diawaye et de Keur-Massar, situ\u00e9s dans le Plan d\u2019urbanisme d\u00e9taill\u00e9.&nbsp;<\/p>\n\n\n\n<p>Le PUD qui s\u2019\u00e9tend du rond-point Gadaye \u00e0 Gu\u00e9diawaye, en passant par Yeumbeul-Nord, Malika jusqu\u2019\u00e0 Tivaouane Peul,&nbsp;est une initiative d\u2019utilit\u00e9 publique prise par le r\u00e9gime pr\u00e9c\u00e9dent apr\u00e8s la d\u00e9classification de 826 ha sur la bande des filaos du littoral. Il vise la r\u00e9alisation de grands am\u00e9nagements avec des espaces r\u00e9sidentiels, des \u00e9quipements administratifs, commerciaux et sanitaires, des espaces verts, des parcelles viabilis\u00e9es et des zones d\u2019activit\u00e9s sportives, culturelles et de loisirs.<\/p>\n\n\n\n<p>\u201dMalheureusement, il y a eu un manque d\u2019implication des populations locales, dans le Plan d\u2019urbanisme d\u00e9taill\u00e9 (PUD) entrant dans&nbsp; la d\u00e9classification de la bande des Filaos de Gu\u00e9diawaye et de&nbsp; Keur-Massar\u201d, a d\u00e9plor\u00e9 le ministre.<\/p>\n\n\n\n<p>Il a indiqu\u00e9 que Etat va r\u00e9am\u00e9nager plusieurs sites et plusieurs projets du PUD. \u201dNous allons \u00eatre sur le terrain, \u00eatre tr\u00e8s proches des populations pour mieux prendre en compte non seulement ce qui se passe sur le terrain, mais \u00e9galement, voir comment faire dans les mois \u00e0 venir pour prendre en compte toutes les pr\u00e9occupations\u201d a-t-il expliqu\u00e9.<\/p>\n\n\n\n<p>Balla Moussa Fofana a pr\u00e9cis\u00e9 que l\u2019ex\u00e9cution de cette mesure ne rel\u00e8ve pas&nbsp; forc\u00e9ment d\u2019une \u201dapproche inquisitive\u201d, mais elle sera plut\u00f4t participative, d\u2019\u00e9coute, d\u2019\u00e9change et de reconnaissance de terrain.<\/p>\n\n\n\n<p>\u201dCette approche va nous permettre de mieux prendre en compte les r\u00e9alit\u00e9s et de mieux g\u00e9rer les pr\u00e9occupations des populations locales\u2019\u2019, a-t-il expliqu\u00e9.<\/p>\n\n\n\n<p>Apr\u00e8s avoir \u00e9cout\u00e9 et&nbsp; \u00e9chang\u00e9 avec les \u00e9lus locaux et des habitants des diff\u00e9rents sites visit\u00e9s, le ministre a dit regretter \u201dle manque d\u2019implication des populations dans l\u2019\u00e9laboration et la mat\u00e9rialisation de ce Plan d\u2019urbanisme d\u00e9taill\u00e9\u201d.<\/p>\n\n\n\n<p>Pour lui, il \u00e9tait important de venir constater s\u2019il y a \u201dune concordance ou incoh\u00e9rence entre la r\u00e9alit\u00e9 sur le terrain\u201d et ce qu\u2019il y a \u201dsur nos cartes et sur nos notes\u201d.<\/p>\n\n\n\n<p>\u2018\u2019Nous retenons \u00e0 l\u2019arriv\u00e9e que nous avons un PUD qui a \u00e9t\u00e9 initi\u00e9 ici, et on constate que les populations ont \u00e9t\u00e9 un peu \u00e9loign\u00e9es de cet instrument de m\u00eame que les repr\u00e9sentants des populations, c\u2019est-\u00e0-dire les maires. Leurs dol\u00e9ances n\u2019ont pas \u00e9t\u00e9 prises en compte\u201d, a-t-il conclu au terme de sa visite en pr\u00e9sence des autorit\u00e9s administratives de Dakar et des populations.&nbsp;<\/p>\n\n\n\n<p>ABD\/SBS\/SKS\/AB\/OID<\/p>\n","protected":false},"excerpt":{"rendered":"<p>Keur-Massar, (APS) \u2013 L\u2019 \u00c9tat prendra les dispositions n\u00e9cessaires pour apporter des corrections sur plusieurs sites et projets du plan<\/p>\n","protected":false},"author":1,"featured_media":39052,"comment_status":"open","ping_status":"open","sticky":false,"template":"","format":"standard","meta":{"footnotes":""},"categories":[6],"tags":[],"class_list":["post-39051","post","type-post","status-publish","format-standard","has-post-thumbnail","hentry","category-politics"],"_links":{"self":[{"href":"https:\/\/dekkbi.com\/index.php?rest_route=\/wp\/v2\/posts\/39051","targetHints":{"allow":["GET"]}}],"collection":[{"href":"https:\/\/dekkbi.com\/index.php?rest_route=\/wp\/v2\/posts"}],"about":[{"href":"https:\/\/dekkbi.com\/index.php?rest_route=\/wp\/v2\/types\/post"}],"author":[{"embeddable":true,"href":"https:\/\/dekkbi.com\/index.php?rest_route=\/wp\/v2\/users\/1"}],"replies":[{"embeddable":true,"href":"https:\/\/dekkbi.com\/index.php?rest_route=%2Fwp%2Fv2%2Fcomments&post=39051"}],"version-history":[{"count":1,"href":"https:\/\/dekkbi.com\/index.php?rest_route=\/wp\/v2\/posts\/39051\/revisions"}],"predecessor-version":[{"id":39053,"href":"https:\/\/dekkbi.com\/index.php?rest_route=\/wp\/v2\/posts\/39051\/revisions\/39053"}],"wp:featuredmedia":[{"embeddable":true,"href":"https:\/\/dekkbi.com\/index.php?rest_route=\/wp\/v2\/media\/39052"}],"wp:attachment":[{"href":"https:\/\/dekkbi.com\/index.php?rest_route=%2Fwp%2Fv2%2Fmedia&parent=39051"}],"wp:term":[{"taxonomy":"category","embeddable":true,"href":"https:\/\/dekkbi.com\/index.php?rest_route=%2Fwp%2Fv2%2Fcategories&post=39051"},{"taxonomy":"post_tag","embeddable":true,"href":"https:\/\/dekkbi.com\/index.php?rest_route=%2Fwp%2Fv2%2Ftags&post=39051"}],"curies":[{"name":"wp","href":"https:\/\/api.w.org\/{rel}","templated":true}]}}