{"id":39040,"date":"2024-07-26T09:26:28","date_gmt":"2024-07-26T09:26:28","guid":{"rendered":"https:\/\/dekkbi.com\/?p=39040"},"modified":"2024-07-26T09:26:28","modified_gmt":"2024-07-26T09:26:28","slug":"jo-2024-oumar-dieme-un-relais-de-la-flamme-au-nom-de-tous-les-tirailleurs-senegalais","status":"publish","type":"post","link":"https:\/\/dekkbi.com\/?p=39040","title":{"rendered":"JO 2024: Oumar Di\u00e9m\u00e9, un relais de la flamme au nom de tous les tirailleurs s\u00e9n\u00e9galais"},"content":{"rendered":"\n<p>\u00c0 la veille de la c\u00e9r\u00e9monie d\u2019ouverture, le relais de la flamme a parcouru jeudi le d\u00e9partement de la Seine-Saint-Denis, au nord de Paris.&nbsp;\u00c0 la Courneuve, la torche olympique a \u00e9t\u00e9 symboliquement port\u00e9e par Oumar Di\u00e9m\u00e9, un tirailleur s\u00e9n\u00e9galais, v\u00e9t\u00e9ran des guerres d\u2019Indochine et d\u2019Alg\u00e9rie, qui s\u2019est battu pendant de longues ann\u00e9es pour la reconnaissance des soldats africains en France.<\/p>\n\n\n\n<p>Dans le parc d\u00e9partemental Georges-Valbon de La Courneuve, Oumar Di\u00e9m\u00e9 semble avoir retrouv\u00e9 les jambes de ses 20 ans en ce jeudi 25 juillet. Au point que les organisateurs du relais de la flamme olympique doivent lui dire de ralentir. L\u2019homme de 91 ans est port\u00e9 par la foule qui se presse \u00e0 son passage. Malgr\u00e9 son grand \u00e2ge, il se met \u00e0 courir. Sur son visage se dessine un large sourire. M\u00eame si son parcours ne dure que 200 m\u00e8tres, il profite de chaque instant.<\/p>\n\n\n\n<p>\u00ab\u00a0Je suis combl\u00e9 de joie d\u2019avoir port\u00e9\u00a0la flamme olympique\u00a0ici en\u00a0Seine-Saint-Denis\u00a0pour les Jeux de 2024. C\u2019est un honneur pour moi, pour ma famille, pour mon village, pour ma r\u00e9gion, pour mon pays et pour toute l\u2019Afrique\u00a0\u00bb, confie-t-il, sans para\u00eetre fatigu\u00e9 apr\u00e8s avoir effectu\u00e9 ce relais \u00e0 toute allure.<\/p>\n\n\n\n<p>\u00ab&nbsp;La d\u00e9signation de la flamme m\u2019a donn\u00e9 une force. Quand je l\u2019ai appris, j\u2019ai march\u00e9 des kilom\u00e8tres pour me maintenir&nbsp;\u00bb, explique-t-il en toute simplicit\u00e9.<\/p>\n\n\n\n<h2 class=\"wp-block-heading\">\u00ab&nbsp;J\u2019ai eu la chance de revenir jusqu\u2019\u00e0 chez moi&nbsp;\u00bb<\/h2>\n\n\n\n<p>Cet ancien\u00a0tirailleur s\u00e9n\u00e9galais\u00a0a \u00e9t\u00e9 choisi par le d\u00e9partement de Seine-Saint-Denis en mai dernier pour \u00eatre porteur de la flamme. Cet honneur lui a \u00e9t\u00e9 confi\u00e9 en raison de son pass\u00e9 de soldat et pour son long combat pour la reconnaissance du r\u00f4le jou\u00e9 par les tirailleurs s\u00e9n\u00e9galais.<\/p>\n\n\n\n<p>Originaire de Badiana, un village situ\u00e9 dans le sud du\u00a0S\u00e9n\u00e9gal, il s\u2019est engag\u00e9 en mars 1953 au sein du 1er r\u00e9giment de tirailleurs s\u00e9n\u00e9galais. Sous l\u2019uniforme fran\u00e7ais, il a d\u2019abord combattu en\u00a0Indochine, o\u00f9 il a vu 22 de ses camarades mourir dans une embuscade. \u00ab\u00a0Il y a beaucoup de monde qui y est rest\u00e9, l\u00e0-bas, mais moi j\u2019ai eu la chance de revenir jusqu\u2019\u00e0 chez moi\u00a0\u00bb, confie l\u2019ancien soldat, qui a aussi particip\u00e9 \u00e0 la guerre d\u2019Alg\u00e9rie.<\/p>\n\n\n\n<p>Apr\u00e8s avoir \u00e9t\u00e9 garde \u00e0 l\u2019universit\u00e9 de Dakar, puis coursier dans une banque de la capitale s\u00e9n\u00e9galaise, il s\u2019\u00e9tablit en France \u00e0 partir de 1988 dans la\u00a0ville de Bondy, en Seine-Saint-Denis, dans une modeste chambre de 17 m\u00e8tres carr\u00e9s. Combattant dans l\u2019\u00e2me, il s\u2019est alors lanc\u00e9 dans une bataille contre l\u2019\u00c9tat fran\u00e7ais pour obtenir la nationalit\u00e9 fran\u00e7aise en 2015, puis pour pouvoir toucher le minimum vieillesse de 950 euros par mois, sans devoir passer la moiti\u00e9 de l\u2019ann\u00e9e dans l\u2019Hexagone.<\/p>\n\n\n\n<p>Sa lutte et celle de ses camarades a fini par payer en 2023.\u00a0Oumar Di\u00e9m\u00e9 a pu enfin partir vivre sa retraite paisiblement au S\u00e9n\u00e9gal, dans son village de Badiana.\u00a0C\u2019est en r\u00e9compense de sa d\u00e9termination et de ses actions qu\u2019Oumar Di\u00e9m\u00e9 a \u00e9t\u00e9 choisi pour porter la flamme. Lors de son relais, il n\u2019a cess\u00e9 de penser \u00e0 tous ses fr\u00e8res d\u2019armes. \u00ab\u00a0Mais les tirailleurs s\u00e9n\u00e9galais, ce ne sont pas que des S\u00e9n\u00e9galais, ils repr\u00e9sentent toute l\u2019Afrique noire colonis\u00e9e par la France\u00a0\u00bb, souligne-t-il.<\/p>\n\n\n\n<h2 class=\"wp-block-heading\">\u00ab&nbsp;La reconnaissance de notre histoire&nbsp;\u00bb<\/h2>\n\n\n\n<p>Pour autant, il estime que son combat n\u2019est pas termin\u00e9\u00a0: \u00ab\u00a0Il reste beaucoup \u00e0 faire. Ils nous ont enfin donn\u00e9 la nationalit\u00e9 fran\u00e7aise, mais nos enfants ne sont pas reconnus\u00a0\u00bb. \u00c0 ses c\u00f4t\u00e9s,\u00a0A\u00efssata Seck\u00a0acquiesce. La pr\u00e9sidente\u00a0de l\u2019Association pour la m\u00e9moire et l\u2019histoire des\u00a0tirailleurs s\u00e9n\u00e9galais savoure ce moment, mais elle sait qu\u2019il y encore du travail \u00e0 effectuer. \u00ab\u00a0Je suis tr\u00e8s fi\u00e8re de cette journ\u00e9e. C\u2019est la reconnaissance de notre histoire et on va continuer \u00e0 la transmettre\u00a0\u00bb, explique-t-elle. \u00ab\u00a0Mais il faut qu\u2019on int\u00e8gre mieux cette histoire dans le r\u00e9cit national fran\u00e7ais et qu\u2019on mette encore plus en avant l\u2019apport des troupes coloniales dans les conflits mondiaux\u00a0\u00bb, pr\u00e9cise-t-elle.<\/p>\n\n\n\n<p>Inlassable militante de la m\u00e9moire, engag\u00e9e politiquement en Seine-Saint-Denis, elle estime que cet enjeu est plus que jamais d\u2019actualit\u00e9&nbsp;: \u00ab&nbsp;Cela devrait \u00eatre une v\u00e9ritable politique publique. Je reste persuad\u00e9e qu\u2019en transmettant toute la richesse de cette histoire de France, on apaiserait un certain nombre de choses et on lutterait ainsi contre le racisme et les discriminations.&nbsp;\u00bb<\/p>\n\n\n\n<p>Un combat que m\u00e8ne aussi l\u2019ancien footballeur\u00a0Lilian Thuram, dernier relayeur de cette journ\u00e9e de la flamme. Pour le champion du monde 1998, infatigable militant de l\u2019antiracisme, la pr\u00e9sence d\u2019Oumar Di\u00e9m\u00e9 est charg\u00e9e en symboles. \u00ab\u00a0Il faut prot\u00e9ger notre histoire pour apprendre \u00e0 mieux se conna\u00eetre et pour pouvoir plus se respecter\u00a0\u00bb, r\u00e9sume-t-il. \u00ab\u00a0Lorsque vous connaissez votre histoire et que vous \u00eates en phase avec elle, vous \u00eates plus serein\u00a0\u00bb, ajoute l\u2019ex-d\u00e9fenseur de l\u2019\u00e9quipe de France.<\/p>\n\n\n\n<p>Lilian Thuram se montre presque un peu jaloux de l\u2019ancien tirailleur s\u00e9n\u00e9galais, qui lui a quasiment vol\u00e9 la vedette ! \u00ab&nbsp;Il est entr\u00e9 sur la piste en train de courir, c\u2019\u00e9tait incroyable ! Je lui ai demand\u00e9 comme il faisait pour \u00eatre en forme comme \u00e7a&nbsp;\u00bb, s\u2019amuse-t-il dans un grand \u00e9clat de rire.<\/p>\n\n\n\n<p>Ces images d\u2019Oumar Di\u00e9m\u00e9 ont d\u00e9j\u00e0 fait le tour des r\u00e9seaux sociaux et sont bien entendu arriv\u00e9es jusqu\u2019au S\u00e9n\u00e9gal. Le porteur de la flamme n\u2019a d\u00e9sormais plus qu\u2019une h\u00e2te : rentrer au pays pour raconter son exploit. \u00ab&nbsp;Ils sont tous contents \u00e0 Dakar, je vais partager cela avec eux&nbsp;\u00bb, conclut-il dans un dernier sourire.<\/p>\n\n\n\n<p>France24<\/p>\n","protected":false},"excerpt":{"rendered":"<p>\u00c0 la veille de la c\u00e9r\u00e9monie d\u2019ouverture, le relais de la flamme a parcouru jeudi le d\u00e9partement de la Seine-Saint-Denis,<\/p>\n","protected":false},"author":1,"featured_media":39041,"comment_status":"open","ping_status":"open","sticky":false,"template":"","format":"standard","meta":{"footnotes":""},"categories":[9],"tags":[],"class_list":["post-39040","post","type-post","status-publish","format-standard","has-post-thumbnail","hentry","category-sports"],"_links":{"self":[{"href":"https:\/\/dekkbi.com\/index.php?rest_route=\/wp\/v2\/posts\/39040","targetHints":{"allow":["GET"]}}],"collection":[{"href":"https:\/\/dekkbi.com\/index.php?rest_route=\/wp\/v2\/posts"}],"about":[{"href":"https:\/\/dekkbi.com\/index.php?rest_route=\/wp\/v2\/types\/post"}],"author":[{"embeddable":true,"href":"https:\/\/dekkbi.com\/index.php?rest_route=\/wp\/v2\/users\/1"}],"replies":[{"embeddable":true,"href":"https:\/\/dekkbi.com\/index.php?rest_route=%2Fwp%2Fv2%2Fcomments&post=39040"}],"version-history":[{"count":1,"href":"https:\/\/dekkbi.com\/index.php?rest_route=\/wp\/v2\/posts\/39040\/revisions"}],"predecessor-version":[{"id":39042,"href":"https:\/\/dekkbi.com\/index.php?rest_route=\/wp\/v2\/posts\/39040\/revisions\/39042"}],"wp:featuredmedia":[{"embeddable":true,"href":"https:\/\/dekkbi.com\/index.php?rest_route=\/wp\/v2\/media\/39041"}],"wp:attachment":[{"href":"https:\/\/dekkbi.com\/index.php?rest_route=%2Fwp%2Fv2%2Fmedia&parent=39040"}],"wp:term":[{"taxonomy":"category","embeddable":true,"href":"https:\/\/dekkbi.com\/index.php?rest_route=%2Fwp%2Fv2%2Fcategories&post=39040"},{"taxonomy":"post_tag","embeddable":true,"href":"https:\/\/dekkbi.com\/index.php?rest_route=%2Fwp%2Fv2%2Ftags&post=39040"}],"curies":[{"name":"wp","href":"https:\/\/api.w.org\/{rel}","templated":true}]}}