{"id":39028,"date":"2024-07-26T07:43:46","date_gmt":"2024-07-26T07:43:46","guid":{"rendered":"https:\/\/dekkbi.com\/?p=39028"},"modified":"2024-07-26T09:19:51","modified_gmt":"2024-07-26T09:19:51","slug":"le-president-bassirou-diomaye-explique-lorganisation-des-joj-dakar-2026","status":"publish","type":"post","link":"https:\/\/dekkbi.com\/?p=39028","title":{"rendered":"Le pr\u00e9sident Bassirou Diomaye explique l\u2019organisation des JOJ Dakar 2026"},"content":{"rendered":"\n<p>De l\u2019envoy\u00e9 sp\u00e9cial de l\u2019APS: Birane Hady Ciss\u00e9<\/p>\n\n\n\n<p> Paris,(APS) \u2013 Le S\u00e9n\u00e9gal pr\u00e9pare les Jeux olympiques de la jeunesse(JOJ) Dakar 2026 en tenant compte de trois imp\u00e9ratifs, a affirm\u00e9, jeudi \u00e0 Paris, le chef de l\u2019Etat, Bassirou Diomaye Faye.<\/p>\n\n\n\n<p>\u201dConform\u00e9ment aux engagements convenus, le S\u00e9n\u00e9gal pr\u00e9pare les Jeux olympiques de la jeunesse(JOJ) Dakar 2026 en tenant compte de trois imp\u00e9ratifs\u201d, a tt-il dit lors de son allocution au Sommet des Jeux Olympiques du D\u00e9veloppement durable.<\/p>\n\n\n\n<p>Des dizaines de chefs d\u2019\u00c9tat et de gouvernements ont assist\u00e9, jeudi, au Mus\u00e9e du Louvre \u00e0 Paris ce jeudi au premier sommet international sur \u201dsport pour le d\u00e9veloppement durable\u201d, organis\u00e9 par l\u2019\u00c9lys\u00e9e et le Comit\u00e9 international olympique (CIO) .<\/p>\n\n\n\n<p>Parlant de ces imp\u00e9ratifs, le pr\u00e9sident s\u00e9n\u00e9galais a d\u2019abord cit\u00e9  la \u201dco-construction\u201d entre l\u2019Etat, le Comit\u00e9 international olympique(CIO) et le Comit\u00e9 national d\u2019organisation, sous la conduite \u201ddynamique\u201d de  Mamadou Diagna Ndiaye, pr\u00e9sident du comit\u00e9 national olympique sportif s\u00e9n\u00e9galais.<\/p>\n\n\n\n<p>Le chef de l\u2019Etat a ensuite \u00e9voqu\u00e9 la \u2018\u2019ma\u00eetrise des d\u00e9penses publiques\u2019\u2019, en privil\u00e9giant la r\u00e9habilitation et la mise \u00e0 niveau d\u2019infrastructures existantes pour abriter les comp\u00e9titions.<\/p>\n\n\n\n<p>Enfin, il a  soulign\u00e9 \u2018\u2019le suivi renforc\u00e9 des questions de s\u00e9curit\u00e9, d\u2019h\u00e9bergement, de transport, de restauration et de sant\u00e9, entre autres\u201d.<\/p>\n\n\n\n<p>Par ailleurs, il a remerci\u00e9 le CIO et tous les partenaires qui  accompagnent \u201dle S\u00e9n\u00e9gal pour faire  de cette premi\u00e8re rencontre de l\u2019Olympisme en Afrique, une f\u00eate de la jeunesse du monde et une r\u00e9ussite collective dont les s\u00e9n\u00e9galais seront  tous fiers\u201d.<\/p>\n\n\n\n<p>Les JOJ de Dakar r\u00e9uniront du 31 octobre au 13 novembre 2026 \u2018\u2019les meilleurs jeunes athl\u00e8tes du monde\u2019\u2019.Pr\u00e9vus sur trois sites, Dakar, Diamniadio et Saly, ils ont l\u2019ambition de servir de catalyseur \u00e0 la transformation du S\u00e9n\u00e9gal par le sport, tout en devenant un mod\u00e8le pour les futurs h\u00f4tes des JOJ.<\/p>\n\n\n\n<p>Le Comit\u00e9 d\u2019organisation des Jeux Olympiques de la Jeunesse de Dakar 2026 (COJOJ) a d\u00e9voil\u00e9 mardi le slogan officiel de cette comp\u00e9tition: \u201cl\u2019Afrique accueille, Dakar c\u00e9l\u00e8bre\u201d, lors de la 142e session du Comit\u00e9 International Olympique (CIO) tenue \u00e0 Paris.<\/p>\n\n\n\n<p>BHC\/SBS\/OID<\/p>\n","protected":false},"excerpt":{"rendered":"<p>De l\u2019envoy\u00e9 sp\u00e9cial de l\u2019APS: Birane Hady Ciss\u00e9 Paris,(APS) \u2013 Le S\u00e9n\u00e9gal pr\u00e9pare les Jeux olympiques de la jeunesse(JOJ) Dakar<\/p>\n","protected":false},"author":1,"featured_media":39034,"comment_status":"open","ping_status":"open","sticky":false,"template":"","format":"standard","meta":{"footnotes":""},"categories":[6],"tags":[],"class_list":["post-39028","post","type-post","status-publish","format-standard","has-post-thumbnail","hentry","category-politics"],"_links":{"self":[{"href":"https:\/\/dekkbi.com\/index.php?rest_route=\/wp\/v2\/posts\/39028","targetHints":{"allow":["GET"]}}],"collection":[{"href":"https:\/\/dekkbi.com\/index.php?rest_route=\/wp\/v2\/posts"}],"about":[{"href":"https:\/\/dekkbi.com\/index.php?rest_route=\/wp\/v2\/types\/post"}],"author":[{"embeddable":true,"href":"https:\/\/dekkbi.com\/index.php?rest_route=\/wp\/v2\/users\/1"}],"replies":[{"embeddable":true,"href":"https:\/\/dekkbi.com\/index.php?rest_route=%2Fwp%2Fv2%2Fcomments&post=39028"}],"version-history":[{"count":1,"href":"https:\/\/dekkbi.com\/index.php?rest_route=\/wp\/v2\/posts\/39028\/revisions"}],"predecessor-version":[{"id":39030,"href":"https:\/\/dekkbi.com\/index.php?rest_route=\/wp\/v2\/posts\/39028\/revisions\/39030"}],"wp:featuredmedia":[{"embeddable":true,"href":"https:\/\/dekkbi.com\/index.php?rest_route=\/wp\/v2\/media\/39034"}],"wp:attachment":[{"href":"https:\/\/dekkbi.com\/index.php?rest_route=%2Fwp%2Fv2%2Fmedia&parent=39028"}],"wp:term":[{"taxonomy":"category","embeddable":true,"href":"https:\/\/dekkbi.com\/index.php?rest_route=%2Fwp%2Fv2%2Fcategories&post=39028"},{"taxonomy":"post_tag","embeddable":true,"href":"https:\/\/dekkbi.com\/index.php?rest_route=%2Fwp%2Fv2%2Ftags&post=39028"}],"curies":[{"name":"wp","href":"https:\/\/api.w.org\/{rel}","templated":true}]}}