{"id":38995,"date":"2024-07-25T11:49:56","date_gmt":"2024-07-25T11:49:56","guid":{"rendered":"https:\/\/dekkbi.com\/?p=38995"},"modified":"2024-07-25T12:12:44","modified_gmt":"2024-07-25T12:12:44","slug":"niger-le-retrait-des-soldats-americains-sera-acheve-debut-aout-general-americain","status":"publish","type":"post","link":"https:\/\/dekkbi.com\/?p=38995","title":{"rendered":"Niger: le retrait des soldats am\u00e9ricains sera achev\u00e9 \u00ab\u00a0d\u00e9but ao\u00fbt\u00a0\u00bb (g\u00e9n\u00e9ral am\u00e9ricain)"},"content":{"rendered":"\n<p>Le retrait des soldats am\u00e9ricains du Niger, une exigence du r\u00e9gime militaire au pouvoir dans ce pays sah\u00e9lien, sera achev\u00e9 \u00ab\u00a0d\u00e9but ao\u00fbt\u00a0\u00bb, a annonc\u00e9 mercredi le g\u00e9n\u00e9ral Kenneth Ekman du commandement militaire am\u00e9ricain pour l&rsquo;Afrique (Africom).<\/p>\n\n\n\n<p>\u00ab\u00a0Le retrait se passe bien, nous sommes en avance, gr\u00e2ce \u00e0 l&rsquo;excellente coordination que nous avons avec nos homologues nig\u00e9riens. Je m&rsquo;attends \u00e0 ce qu&rsquo;il soit termin\u00e9 d\u00e9but ao\u00fbt\u00a0\u00bb, a d\u00e9clar\u00e9 M. Ekman, charg\u00e9 de coordonner ce retrait, lors d&rsquo;un point presse \u00e0 Abidjan, en C\u00f4te d&rsquo;Ivoire.<\/p>\n\n\n\n<p>D\u00e9but juillet, les soldats am\u00e9ricains de la base de Niamey avaient tous quitt\u00e9 le pays et il restait quelque 200 \u00e9l\u00e9ments de la base de drones d&rsquo;Agadez, dans le nord du pays.<\/p>\n\n\n\n<p>Les Etats-Unis \u00e9taient engag\u00e9s au Niger pour lutter contre les jihadistes qui frappent r\u00e9guli\u00e8rement le pays dans des attaques sanglantes. Mais le r\u00e9gime militaire au pouvoir depuis un an \u00e0 Niamey a remis \u00e0 plat ses partenariats internationaux et demand\u00e9 leur d\u00e9part, en mars.<\/p>\n\n\n\n<p>\u00ab\u00a0Les cons\u00e9quences pour la s\u00e9curit\u00e9 r\u00e9gionale sont tr\u00e8s inqui\u00e9tantes. La menace extr\u00e9miste violente qui est au Sahel grandit et menace de plus en plus les pays voisins. La C\u00f4te d&rsquo;Ivoire est l&rsquo;un d&rsquo;entre eux\u00a0\u00bb, a pr\u00e9cis\u00e9 le g\u00e9n\u00e9ral Ekman.<\/p>\n\n\n\n<p>Interrog\u00e9 sur un \u00e9ventuel red\u00e9ploiement en C\u00f4te d&rsquo;Ivoire, il a affirm\u00e9 que les Etats-Unis souhaitaient \u00ab\u00a0travailler avec les forces ivoiriennes dans leurs bases, l\u00e0 o\u00f9 ils op\u00e8rent d\u00e9j\u00e0, pour solidifier les partenariats qui existent\u00a0\u00bb, \u00e9voquant notamment le nord du pays, frontalier du Burkina Faso et du Mali o\u00f9 la menace jihadiste est la plus forte.<\/p>\n\n\n\n<p>Il a toutefois d\u00e9menti des informations de presse qui circulaient ces derni\u00e8res semaines, selon lesquelles les Etats-Unis allaient construire une base \u00e0 Odienn\u00e9, dans le nord-ouest ivoirien.<\/p>\n\n\n\n<p>\u00ab\u00a0Pourquoi construire si quelque chose existe d\u00e9j\u00e0? Nous n&rsquo;avons aucun projet de construire une base \u00e0 Odienn\u00e9\u00a0\u00bb, a-t-il expliqu\u00e9, pr\u00e9cisant \u00eatre \u00ab\u00a0sensible aux inqui\u00e9tudes\u00a0\u00bb qu&rsquo;une base am\u00e9ricaine pourrait g\u00e9n\u00e9rer au sein de l&rsquo;opinion.<\/p>\n\n\n\n<p>Les Etats-Unis ont tenu en C\u00f4te d&rsquo;Ivoire ces derni\u00e8res ann\u00e9es des exercices militaires baptis\u00e9s \u00ab\u00a0Flintlock\u00a0\u00bb, r\u00e9unissant des centaines de soldats de plusieurs arm\u00e9es occidentales et africaines afin de renforcer les capacit\u00e9s op\u00e9rationnelles dans la lutte antijihadiste.<\/p>\n","protected":false},"excerpt":{"rendered":"<p>Le retrait des soldats am\u00e9ricains du Niger, une exigence du r\u00e9gime militaire au pouvoir dans ce pays sah\u00e9lien, sera achev\u00e9<\/p>\n","protected":false},"author":1,"featured_media":38996,"comment_status":"open","ping_status":"open","sticky":false,"template":"","format":"standard","meta":{"footnotes":""},"categories":[51],"tags":[],"class_list":["post-38995","post","type-post","status-publish","format-standard","has-post-thumbnail","hentry","category-general"],"_links":{"self":[{"href":"https:\/\/dekkbi.com\/index.php?rest_route=\/wp\/v2\/posts\/38995","targetHints":{"allow":["GET"]}}],"collection":[{"href":"https:\/\/dekkbi.com\/index.php?rest_route=\/wp\/v2\/posts"}],"about":[{"href":"https:\/\/dekkbi.com\/index.php?rest_route=\/wp\/v2\/types\/post"}],"author":[{"embeddable":true,"href":"https:\/\/dekkbi.com\/index.php?rest_route=\/wp\/v2\/users\/1"}],"replies":[{"embeddable":true,"href":"https:\/\/dekkbi.com\/index.php?rest_route=%2Fwp%2Fv2%2Fcomments&post=38995"}],"version-history":[{"count":3,"href":"https:\/\/dekkbi.com\/index.php?rest_route=\/wp\/v2\/posts\/38995\/revisions"}],"predecessor-version":[{"id":39016,"href":"https:\/\/dekkbi.com\/index.php?rest_route=\/wp\/v2\/posts\/38995\/revisions\/39016"}],"wp:featuredmedia":[{"embeddable":true,"href":"https:\/\/dekkbi.com\/index.php?rest_route=\/wp\/v2\/media\/38996"}],"wp:attachment":[{"href":"https:\/\/dekkbi.com\/index.php?rest_route=%2Fwp%2Fv2%2Fmedia&parent=38995"}],"wp:term":[{"taxonomy":"category","embeddable":true,"href":"https:\/\/dekkbi.com\/index.php?rest_route=%2Fwp%2Fv2%2Fcategories&post=38995"},{"taxonomy":"post_tag","embeddable":true,"href":"https:\/\/dekkbi.com\/index.php?rest_route=%2Fwp%2Fv2%2Ftags&post=38995"}],"curies":[{"name":"wp","href":"https:\/\/api.w.org\/{rel}","templated":true}]}}