{"id":38986,"date":"2024-07-25T11:37:37","date_gmt":"2024-07-25T11:37:37","guid":{"rendered":"https:\/\/dekkbi.com\/?p=38986"},"modified":"2024-07-25T11:38:04","modified_gmt":"2024-07-25T11:38:04","slug":"transhumance-presumee-echec-pour-omar-sarr-accuse-de-vouloir-rejoindre-la-coalition-diomaye-president","status":"publish","type":"post","link":"https:\/\/dekkbi.com\/?p=38986","title":{"rendered":"Transhumance pr\u00e9sum\u00e9e : Echec pour Omar Sarr accus\u00e9 de vouloir rejoindre la coalition Diomaye Pr\u00e9sident"},"content":{"rendered":"\n<h3 class=\"wp-block-heading\">Omar Sarr, ancien ministre des Mines et de la G\u00e9ologie sous Macky Sall, fait l&rsquo;objet d&rsquo;accusations concernant sa tentative de rejoindre la coalition Diomaye Pr\u00e9sident dans le d\u00e9partement de Dagana. Cependant, cette initiative n&rsquo;a pas abouti.<\/h3>\n\n\n\n<p>En effet, les militants du parti Pastef-Les Patriotes, \u00e9tablis \u00e0 Dagana, ont r\u00e9v\u00e9l\u00e9 avoir rejet\u00e9 la demande de cet ancien membre de la coalition Benno Bokk Yakaar, autrefois militant du Parti D\u00e9mocratique S\u00e9n\u00e9galais et actuellement Maire de Dagana.<\/p>\n\n\n\n<p>Les responsables de Pastef expriment une profonde frustration vis-\u00e0-vis de l&rsquo;attitude d&rsquo;Omar Sarr. Apr\u00e8s la d\u00e9faite de Benno Bokk Yakaar (BBY), Sarr avait annonc\u00e9 son retrait de la sc\u00e8ne politique. Pourtant, quelques mois plus tard, l&rsquo;ancien ministre a d\u00e9cid\u00e9 de mobiliser ses troupes durant le week-end pass\u00e9, une action qui n&rsquo;a pas surpris les membres du parti Pastef. Assane Diop, un responsable de Pastef, qualifie le maire de Dagana de politicien impr\u00e9cis.<\/p>\n\n\n\n<p>\u00ab Nous voulons lui dire que c\u2019est termin\u00e9 car les populations ont d\u00e9cid\u00e9 de lui tourner le dos \u00bb, a soulign\u00e9 Assane Diop sur les ondes de la RFM. Cet avis est partag\u00e9 par El Bachir Diagne, camarade de parti, qui affirme que Sarr, maire de Dagana depuis 1996, tente de pr\u00e9parer une \u00e9ventuelle transhumance en multipliant les audiences. Les responsables de Pastef Dagana en ont profit\u00e9 pour pr\u00e9venir leurs militants et sympathisants contre toute tentative de ralliement \u00e0 leur cause.<\/p>\n\n\n\n<p>\u00ab Nous voulons dire \u00e0 Omar Sarr que nous n\u2019avons pas peur de lui parce que nous avons appris \u00e0 conna\u00eetre l\u2019homme. Parce que nous sommes avec lui depuis presque plus de vingt ans. Les populations de Dagana n\u2019ont rien obtenu en termes d\u2019investissement. Donc, s\u2019il revient aujourd\u2019hui pour continuer sa politique de manipulation et de tromperie, nous lui disons d\u2019arr\u00eater \u00bb, a d\u00e9clar\u00e9 Assane Diop.<\/p>\n\n\n\n<p>Les militants de Pastef, sous la banni\u00e8re dirig\u00e9e par Ousmane Sonko, tentent d&rsquo;attirer l&rsquo;attention des jeunes pour qu&rsquo;ils ne c\u00e8dent pas \u00e0 la \u00ab manipulation \u00bb. Ils ont \u00e9galement interpell\u00e9 la coalition Diomaye Pr\u00e9sident, actuellement au pouvoir, pour qu&rsquo;elle soutienne les jeunes de Dagana, notamment les membres du JPS (Jeunes Patriotes du S\u00e9n\u00e9gal), section Dagana, afin de contrer les man\u0153uvres du maire Omar Sarr.<\/p>\n\n\n\n<p><br>Avec Le Grand Panel<br><\/p>\n","protected":false},"excerpt":{"rendered":"<p>Omar Sarr, ancien ministre des Mines et de la G\u00e9ologie sous Macky Sall, fait l&rsquo;objet d&rsquo;accusations concernant sa tentative de<\/p>\n","protected":false},"author":1,"featured_media":38987,"comment_status":"open","ping_status":"open","sticky":false,"template":"","format":"standard","meta":{"footnotes":""},"categories":[6],"tags":[],"class_list":["post-38986","post","type-post","status-publish","format-standard","has-post-thumbnail","hentry","category-politics"],"_links":{"self":[{"href":"https:\/\/dekkbi.com\/index.php?rest_route=\/wp\/v2\/posts\/38986","targetHints":{"allow":["GET"]}}],"collection":[{"href":"https:\/\/dekkbi.com\/index.php?rest_route=\/wp\/v2\/posts"}],"about":[{"href":"https:\/\/dekkbi.com\/index.php?rest_route=\/wp\/v2\/types\/post"}],"author":[{"embeddable":true,"href":"https:\/\/dekkbi.com\/index.php?rest_route=\/wp\/v2\/users\/1"}],"replies":[{"embeddable":true,"href":"https:\/\/dekkbi.com\/index.php?rest_route=%2Fwp%2Fv2%2Fcomments&post=38986"}],"version-history":[{"count":1,"href":"https:\/\/dekkbi.com\/index.php?rest_route=\/wp\/v2\/posts\/38986\/revisions"}],"predecessor-version":[{"id":38988,"href":"https:\/\/dekkbi.com\/index.php?rest_route=\/wp\/v2\/posts\/38986\/revisions\/38988"}],"wp:featuredmedia":[{"embeddable":true,"href":"https:\/\/dekkbi.com\/index.php?rest_route=\/wp\/v2\/media\/38987"}],"wp:attachment":[{"href":"https:\/\/dekkbi.com\/index.php?rest_route=%2Fwp%2Fv2%2Fmedia&parent=38986"}],"wp:term":[{"taxonomy":"category","embeddable":true,"href":"https:\/\/dekkbi.com\/index.php?rest_route=%2Fwp%2Fv2%2Fcategories&post=38986"},{"taxonomy":"post_tag","embeddable":true,"href":"https:\/\/dekkbi.com\/index.php?rest_route=%2Fwp%2Fv2%2Ftags&post=38986"}],"curies":[{"name":"wp","href":"https:\/\/api.w.org\/{rel}","templated":true}]}}