{"id":38983,"date":"2024-07-25T11:31:37","date_gmt":"2024-07-25T11:31:37","guid":{"rendered":"https:\/\/dekkbi.com\/?p=38983"},"modified":"2024-07-25T11:31:38","modified_gmt":"2024-07-25T11:31:38","slug":"cooperation-entre-deux-pays-freres-ceremonie-douverture-de-la-10e-bilaterale-des-douanes-senegalaises-et-gambiennes","status":"publish","type":"post","link":"https:\/\/dekkbi.com\/?p=38983","title":{"rendered":"Coop\u00e9ration entre deux pays fr\u00e8res: C\u00e9r\u00e9monie d\u2019ouverture de la 10e bilat\u00e9rale des Douanes s\u00e9n\u00e9galaises et gambiennes"},"content":{"rendered":"\n<h3 class=\"wp-block-heading\">La 10e bilat\u00e9rale entre les Douanes s\u00e9n\u00e9galaises et gambiennes, a d\u00e9but\u00e9 ce mercredi 24 juillet 2024, \u00e0 Dakar, sous la pr\u00e9sidence effective de Monsieur Bassirou Sarr, Directeur de Cabinet du Ministre des Finances et du Budget. Cette rencontre d\u2019une grande importance, entre dans le cadre de la coop\u00e9ration entre deux pays fr\u00e8res et va durer trois jours. Elle a vu la participation des autorit\u00e9s douani\u00e8res s\u00e9n\u00e9galaises, gambiennes, des personnalit\u00e9s diplomatiques, politiques, administratives et des experts de haut niveau qui vont animer les sessions et mener les d\u00e9bats, conform\u00e9ment aux lignes directrices de la rencontre.<\/h3>\n\n\n\n<p>M. Bassirou Sarr, Directeur de Cabinet du Ministre des Finances, et du Budget, a lou\u00e9 l\u2019importance de cette rencontre qui unit les Douanes de la Gambie et du S\u00e9n\u00e9gal. Au nom du Ministre des Finances et du Budget, emp\u00each\u00e9, il a exprim\u00e9 son satisfecit sur l\u2019ensemble des actions qui sont en train d\u2019\u00eatre pos\u00e9es, pour maintenir dans la durabilit\u00e9, le pont de la coop\u00e9ration liant les deux Administrations.<\/p>\n\n\n\n<p>Il a aussi transmis les f\u00e9licitations du Ministre au Directeur g\u00e9n\u00e9ral, Dr. Mbaye N et \u00e0 l\u2019ensemble des agents des Douanes, pour le travail fort appr\u00e9ciable qu\u2019ils sont en train d\u2019effectuer. Ce qui a valu \u00e0 la Douane s\u00e9n\u00e9galaise, les nombreuses saisies de coca\u00efne r\u00e9alis\u00e9es. Par la m\u00eame occasion, M. Sarr a lou\u00e9 le r\u00f4le important de la Douane dans le d\u00e9veloppement du S\u00e9n\u00e9gal, avec la mobilisation d\u2019importantes recettes budg\u00e9taires.<\/p>\n\n\n\n<p>Le Directeur g\u00e9n\u00e9ral des Douanes s\u00e9n\u00e9galaises, Dr. Mbaye Ndiaye, a, dans son discours d\u2019ouverture, tenu \u00e0 magnifier les \u00e9troites relations qui existent entre les deux administrations douani\u00e8res. Il a aussi salu\u00e9 le leadership, et l\u2019ouverture de Monsieur Yankuba Darboe, Commissionner general de la Gambia Revenue Authority (GRA).<\/p>\n\n\n\n<p>Dr. Mbaye Ndiaye a affirm\u00e9 que l\u2019institutionnalisation de cette rencontre entre en droite ligne avec l\u2019optimisation de actions s\u00e9curitaires pos\u00e9es par les deux Douanes, surtout sur l\u2019axe liant les deux \u00c9tats. Pour lui, toute recommandation issue de cette bilat\u00e9rale, doit constituer une piste d\u2019optimisation des relations des deux parties et doit faire l\u2019objet d\u2019application des textes bilat\u00e9raux, mais \u00e9galement une solution \u00e0 la facilitation des \u00e9changes.<\/p>\n\n\n\n<p>En outre, pour le DGD, il est question de poser des jalons solides de coop\u00e9ration, adoss\u00e9s au renforcement de capacit\u00e9s, \u00e0 l\u2019interconnexion, \u00e0 l\u2019\u00e9change de donn\u00e9es, au maintien de l\u2019\u00e9quilibre entre la facilitation des \u00e9changes commerciaux et \u00e0 la s\u00e9curisation de notre espace communautaire. \u00c9galement, Dr Mbaye NDIAYE appelle les deux administrations s\u0153urs \u00e0 agir de concert en vue de la vitalit\u00e9 de cette coop\u00e9ration, qui reste un challenge avec beaucoup de d\u00e9fis \u00e0 relever ensemble.<\/p>\n\n\n\n<p>Dans ses propos, il a exprim\u00e9 son v\u0153u de voir nos fronti\u00e8res g\u00e9r\u00e9es de mani\u00e8re coordonn\u00e9e et efficace, pour ne pas laisser nos deux pays \u00e0 la port\u00e9e de pratiques malveillantes et du terrorisme. Il invite les Douanes \u00e0 profiter des avantages de l\u2019informatique, en utilisant les technologies de l\u2019information et de la communication, celles-ci qui doivent constituer une arme de pointe, pour veiller \u00e0 la s\u00e9curisation de la cha\u00eene logistique internationale.<\/p>\n\n\n\n<p>Enfin, le Directeur g\u00e9n\u00e9ral des Douanes s\u00e9n\u00e9galaises souhaite, en collaboration avec la Gambie, combler la porosit\u00e9 des fronti\u00e8res, par des strat\u00e9gies et actions efficaces. Pour lui, nos fronti\u00e8res sont menac\u00e9es de tous bords. A ce titre, il incite les experts \u00e0 travailler sur cette question avec beaucoup de rigueur.<\/p>\n\n\n\n<p>A son tour, le Commisionner general de la Gambia Revenue Authority (RGA), Monsieur Yankuba Darboe, apr\u00e8s avoir exprim\u00e9 sa gratitude \u00e0 son homologue s\u00e9n\u00e9galais, le DG des Douanes s\u00e9n\u00e9galaises, Dr. Mbaye Ndiaye, a magnifi\u00e9 toute la solidit\u00e9 de la coop\u00e9ration entre les deux administrations. M. DARBOE a, \u00e9galement, salu\u00e9 l\u2019engagement des deux Administrations douani\u00e8res et leur volont\u00e9 de travailler en toute synergie.<\/p>\n\n\n\n<p>Pour lui, l\u2019esprit de cette coop\u00e9ration va au-del\u00e0 des consid\u00e9rations douani\u00e8res, mais il s\u2019agit d\u2019une relation entre deux peuples fr\u00e8res. Alors, c\u2019est une alliance essentielle pour nos deux pays. Il se dit convaincu qu\u2019au terme de cette rencontre, des solutions aux pr\u00e9occupations des usagers seront trouv\u00e9es.<\/p>\n\n\n\n<p>La c\u00e9r\u00e9monie d\u2019ouverture des travaux de la 10e Rencontre bilat\u00e9rale entre les Douanes s\u00e9n\u00e9galaises et gambiennes, a vu la participation de hauts repr\u00e9sentants des autres Forces de D\u00e9fense et de S\u00e9curit\u00e9, du Secr\u00e9taire ex\u00e9cutif permanent s\u00e9n\u00e9galo-gambien, du Directeur du Commerce ext\u00e9rieur, des organisations patronales, des Chambres consulaires et diverses autres parties prenantes de la gestion des fronti\u00e8res.<\/p>\n\n\n\n<p>A retenir que les travaux vont se d\u00e9rouler jusqu\u2019au vendredi 26 juillet 2024.<\/p>\n\n\n\n<p>SOURCE LERAL<\/p>\n","protected":false},"excerpt":{"rendered":"<p>La 10e bilat\u00e9rale entre les Douanes s\u00e9n\u00e9galaises et gambiennes, a d\u00e9but\u00e9 ce mercredi 24 juillet 2024, \u00e0 Dakar, sous la<\/p>\n","protected":false},"author":1,"featured_media":38984,"comment_status":"open","ping_status":"open","sticky":false,"template":"","format":"standard","meta":{"footnotes":""},"categories":[6],"tags":[],"class_list":["post-38983","post","type-post","status-publish","format-standard","has-post-thumbnail","hentry","category-politics"],"_links":{"self":[{"href":"https:\/\/dekkbi.com\/index.php?rest_route=\/wp\/v2\/posts\/38983","targetHints":{"allow":["GET"]}}],"collection":[{"href":"https:\/\/dekkbi.com\/index.php?rest_route=\/wp\/v2\/posts"}],"about":[{"href":"https:\/\/dekkbi.com\/index.php?rest_route=\/wp\/v2\/types\/post"}],"author":[{"embeddable":true,"href":"https:\/\/dekkbi.com\/index.php?rest_route=\/wp\/v2\/users\/1"}],"replies":[{"embeddable":true,"href":"https:\/\/dekkbi.com\/index.php?rest_route=%2Fwp%2Fv2%2Fcomments&post=38983"}],"version-history":[{"count":1,"href":"https:\/\/dekkbi.com\/index.php?rest_route=\/wp\/v2\/posts\/38983\/revisions"}],"predecessor-version":[{"id":38985,"href":"https:\/\/dekkbi.com\/index.php?rest_route=\/wp\/v2\/posts\/38983\/revisions\/38985"}],"wp:featuredmedia":[{"embeddable":true,"href":"https:\/\/dekkbi.com\/index.php?rest_route=\/wp\/v2\/media\/38984"}],"wp:attachment":[{"href":"https:\/\/dekkbi.com\/index.php?rest_route=%2Fwp%2Fv2%2Fmedia&parent=38983"}],"wp:term":[{"taxonomy":"category","embeddable":true,"href":"https:\/\/dekkbi.com\/index.php?rest_route=%2Fwp%2Fv2%2Fcategories&post=38983"},{"taxonomy":"post_tag","embeddable":true,"href":"https:\/\/dekkbi.com\/index.php?rest_route=%2Fwp%2Fv2%2Ftags&post=38983"}],"curies":[{"name":"wp","href":"https:\/\/api.w.org\/{rel}","templated":true}]}}