{"id":38969,"date":"2024-07-25T11:12:02","date_gmt":"2024-07-25T11:12:02","guid":{"rendered":"https:\/\/dekkbi.com\/?p=38969"},"modified":"2024-07-25T11:12:02","modified_gmt":"2024-07-25T11:12:02","slug":"jo-paris2024-ceremonie-de-remise-de-drapeaux-le-senegal-encense-ses-athletes","status":"publish","type":"post","link":"https:\/\/dekkbi.com\/?p=38969","title":{"rendered":"Jo paris2024 \u2013 c\u00e9r\u00e9monie de remise de drapeaux : le S\u00e9n\u00e9gal encense ses athl\u00e8tes"},"content":{"rendered":"\n<p><strong>La traditionnelle c\u00e9r\u00e9monie de remise du drapeau national aux athl\u00e8tes qualifi\u00e9s pour les Jeux olympiques (JO) Paris2024 a eu lieu hier, mercredi 24 juillet, dans les jardins de la R\u00e9sidence de l\u2019Ambassadeur du S\u00e9n\u00e9gal \u00e0 Paris. Une occasion saisie par le Comit\u00e9 national olympique et sportif s\u00e9n\u00e9galais (CNOSS), par la voix de son vice-pr\u00e9sident Ibrahima Wade, et la ministre de la Jeunesse, des Sports et de la Culture, Khady Di\u00e8ne Gaye, d\u2019encenser la bande \u00e0 Louis Fran\u00e7ois Mendy et Combe Seck (porte-drapeaux), dans une ambiance empreinte de sobri\u00e9t\u00e9, savamment recherch\u00e9e pour la qui\u00e9tude des athl\u00e8tes.&nbsp;<\/strong><\/p>\n\n\n\n<p><strong>(PARIS, France) \u2013<\/strong>&nbsp;Le ton est donn\u00e9. La ministre de la Jeunesse, des Sports et de la Culture, Mme Khady Di\u00e8ne Gaye, lors de la c\u00e9r\u00e9monie de remise du drapeau national aux 11 athl\u00e8tes s\u00e9n\u00e9galais, leur a rappel\u00e9 les valeurs de l\u2019olympisme mais aussi celles qui fondent la nation s\u00e9n\u00e9galaise. Tout comme Ibrahima Wade, vice-pr\u00e9sident du CNOSS, elle a appel\u00e9 Louis Fran\u00e7ois Mendy et autres Combe Seck, porte-drapeaux \u00e0 se transcender pour repr\u00e9senter dignement le S\u00e9n\u00e9gal.<\/p>\n\n\n\n<p>KHADY DIENE GAYE AUX ATHLETES<\/p>\n\n\n\n<p><strong><em>\u00abSoyez fiers&nbsp;! Soyez forts&nbsp;!\u00bb<\/em><\/strong><\/p>\n\n\n\n<p>\u00abVous avez l\u2019honneur de porter les couleurs de notre prestigieuse nation. Ce drapeau symbolise notre pr\u00e9sent et notre avenir&nbsp;; nos esp\u00e9rances et nos r\u00eaves. Alors, je vous exhorte \u00e0 le porter, \u00e0 le hisser aux cimes de l\u2019excellence, en faisant preuve d\u2019endurance, de bravoure car tel est le legs pr\u00e9cieux des g\u00e9n\u00e9rations pass\u00e9es qui m\u00e9rite d\u2019etre entretenu\u00bb, a d\u00e9clar\u00e9 la ministre des Sports.<\/p>\n\n\n\n<p>Et d\u2019ajouter&nbsp;: \u00abfaites preuve de solidarit\u00e9, de courage et de d\u00e9termination parce que c\u2019est \u00e7a \u00eatre S\u00e9n\u00e9galais. Alors soyez fiers&nbsp;! Soyez forts&nbsp;!\u00bb.<\/p>\n\n\n\n<p><strong>Le CNOSS et l\u2019Etat, main dans la main<\/strong><\/p>\n\n\n\n<p>Prenant la parole avant le ministre des Sports, Ibrahima Wade a r\u00e9v\u00e9l\u00e9 les points de convergence et surtout la complicit\u00e9 entre le CNOSS et l\u2019Etat qui a abouti \u00e0 un r\u00e9sultat positif.<\/p>\n\n\n\n<p>\u00abOnze d\u2019entre eux sont revenus drap\u00e9s du manteau de ceux qui ont rempli leur devoir, ils sont devant vous, Madame le ministre de la Jeunesse, des Sports et de la Culture, plus motiv\u00e9s que jamais \u00e0 repr\u00e9senter dignement notre cher S\u00e9n\u00e9gal. Je saisis cette occasion pour leur adresser, au nom du pr\u00e9sident Mamadou Diagna Ndiaye, Pr\u00e9sident du CNOSS et au nom de tout le mouvement sportif, nos vives f\u00e9licitations pour les performances acquises de haute lutte.<\/p>\n\n\n\n<p>Pour leur r\u00e9ussite, l\u2019Etat du S\u00e9n\u00e9gal a d\u00e9ploy\u00e9 d\u2019importants moyens afin de leur permettre d\u2019aller \u00e0 travers les continents, se frotter \u00e0 la dure concurrence des comp\u00e9titions r\u00e9gionales, continentales et mondiales. Nous en sommes reconnaissants au Chef de l\u2019Etat et \u00e0 tout le Gouvernement, car nous savons combien les priorit\u00e9s sont nombreuses. Nous mesurons \u00e0 sa juste valeur les efforts consentis\u00bb, indique-t-il.<\/p>\n\n\n\n<p>Et d\u2019ajouter&nbsp;: \u00abmalgr\u00e9 les contraintes budg\u00e9taires, le Gouvernement, \u00e0 travers vous, Madame le ministre, a tenu \u00e0 garantir \u00e0 nos athl\u00e8tes et \u00e0 l\u2019encadrement, des primes de pr\u00e9paration, de qualification et de participation cons\u00e9quentes et appr\u00e9ci\u00e9es comme il sied\u00bb.<\/p>\n\n\n\n<p><strong>Octroi de bourses suppl\u00e9mentaires<\/strong><\/p>\n\n\n\n<p>\u00abAux cot\u00e9s de l\u2019Etat, le Comit\u00e9 National Olympique et Sportif S\u00e9n\u00e9galais a tenu \u00e0 jouer sa partition, conform\u00e9ment \u00e0 sa position dans l\u2019architecture sportive au S\u00e9n\u00e9gal et comme le lui assignent ses statuts et r\u00e8glements. Ainsi, au-del\u00e0 des bourses traditionnelles de la Solidarit\u00e9 Olympique, le CNOSS a, durant cette Olympiade, octroy\u00e9 des bourses suppl\u00e9mentaires aux b\u00e9n\u00e9ficiaires de la Solidarit\u00e9 Olympique et \u00e0 d\u2019autres athl\u00e8tes, bourses destin\u00e9es int\u00e9gralement \u00e0 leur pr\u00e9paration\u00bb, a r\u00e9v\u00e9l\u00e9 M. Wade.<\/p>\n\n\n\n<p>\u00abC\u2019est \u00e0 la conjonction des efforts de l\u2019Etat et du mouvement olympique, combin\u00e9e \u00e0 la qualit\u00e9 de nos athl\u00e8tes, \u00e0 l\u2019encadrement des entraineurs et techniciens, mais aussi au travail acharn\u00e9 des F\u00e9d\u00e9rations nationales, que nous devons d\u2019avoir cette belle d\u00e9l\u00e9gation d\u2019athl\u00e8tes en Athl\u00e9tisme, Cano\u00e9 Kayak, Escrime, Natation, Judo, Taekwondo, Tennis de table, refl\u00e9tant l\u2019option pluridisciplinaire de notre pays\u00bb.<\/p>\n\n\n\n<p><strong>Cap sur Los Angeles 2028<\/strong><\/p>\n\n\n\n<p>\u00abComme vous nous y avez d\u00e9j\u00e0 invit\u00e9, d\u00e8s la fin des Jeux Olympiques et Paralympiques de Paris 2024, vos \u00e9quipes et celles du CNOSS enclencheront le processus de pr\u00e9paration et de participation aux Jeux Olympiques et Paralympiques de Los Angeles 2028. Cela passera par un bilan sans complaisance de la pr\u00e9paration et de la participation aux Jeux de Paris. Ainsi place sera faite \u00e0 la n\u00e9cessaire planification dans nos politiques sportives, au regard des enjeux \u00e0 venir, parmi lesquels les Jeux Olympiques de la Jeunesse de Dakar 2026, premier \u00e9v\u00e9nement olympique en terre africaine, et qui se pr\u00e9pare activement, conform\u00e9ment \u00e0 la feuille de route arr\u00eat\u00e9e avec le Comit\u00e9 International Olympique (CIO).<\/p>\n\n\n\n<p>La r\u00e9vision des textes devant aboutir \u00e0 la r\u00e9vision du cadre juridique r\u00e9gissant le sport au S\u00e9n\u00e9gal, que vous avez initi\u00e9e, est un beau pr\u00e9sage de votre volont\u00e9 de faire franchir au sport s\u00e9n\u00e9galais un nouveau cap. Comme toujours, le CNOSS tiendra son r\u00f4le \u00e0 vos c\u00f4t\u00e9s, soyez en assur\u00e9s.<\/p>\n\n\n\n<p>Vous nous avez convi\u00e9s, aujourd\u2019hui, au rituel de la remise du drapeau National. C\u2019est un moment solennel de communion entre l\u2019Autorit\u00e9 qui incarne la souverainet\u00e9 nationale, le Chef de l\u2019Etat que vous repr\u00e9sentez aujourd\u2019hui, et une partie de sa Jeunesse sportive, sans interm\u00e9diaires. C\u2019est l\u2019occasion pour vous, de leur adresser un message subliminal de Monsieur le pr\u00e9sident de la R\u00e9publique, \u00e0 la dimension de l\u2019\u00e9v\u00e9nement \u00e0 venir. Je les invite \u00e0 vous \u00e9couter avec toute l\u2019attention requise\u00bb.<\/p>\n\n\n\n<p><strong>Pourquoi Paris et non Dakar<\/strong><\/p>\n\n\n\n<p>\u00abSi la c\u00e9r\u00e9monie solennelle de remise du drapeau \u00e0 la d\u00e9l\u00e9gation participant aux JOP Paris 2024 se tient aujourd\u2019hui dans les locaux de l\u2019Ambassade du S\u00e9n\u00e9gal \u00e0 Paris, et pas \u00e0 Dakar, c\u2019est parce que vous avez accept\u00e9, avec l\u2019accord des plus hautes autorit\u00e9s, la proposition du Comit\u00e9 National Olympique et Sportif S\u00e9n\u00e9galais et des F\u00e9d\u00e9rations, surtout des entraineurs et techniciens, de ne pas perturber la pr\u00e9paration de nos athl\u00e8tes qualifi\u00e9s, qui \u00e9taient dans diff\u00e9rents centres de pr\u00e9paration hors du pays. Ce faisant, vous d\u00e9montrez encore une fois que vous placez l\u2019athl\u00e8te au centre des priorit\u00e9s et actions. Soyez-en remerci\u00e9e\u00bb.<\/p>\n\n\n\n<p><strong>Abdoulaye THIAM<\/strong><\/p>\n\n\n\n<p><strong>(Envoy\u00e9 Sp\u00e9cial)<\/strong><\/p>\n","protected":false},"excerpt":{"rendered":"<p>La traditionnelle c\u00e9r\u00e9monie de remise du drapeau national aux athl\u00e8tes qualifi\u00e9s pour les Jeux olympiques (JO) Paris2024 a eu lieu<\/p>\n","protected":false},"author":1,"featured_media":38970,"comment_status":"open","ping_status":"open","sticky":false,"template":"","format":"standard","meta":{"footnotes":""},"categories":[9],"tags":[],"class_list":["post-38969","post","type-post","status-publish","format-standard","has-post-thumbnail","hentry","category-sports"],"_links":{"self":[{"href":"https:\/\/dekkbi.com\/index.php?rest_route=\/wp\/v2\/posts\/38969","targetHints":{"allow":["GET"]}}],"collection":[{"href":"https:\/\/dekkbi.com\/index.php?rest_route=\/wp\/v2\/posts"}],"about":[{"href":"https:\/\/dekkbi.com\/index.php?rest_route=\/wp\/v2\/types\/post"}],"author":[{"embeddable":true,"href":"https:\/\/dekkbi.com\/index.php?rest_route=\/wp\/v2\/users\/1"}],"replies":[{"embeddable":true,"href":"https:\/\/dekkbi.com\/index.php?rest_route=%2Fwp%2Fv2%2Fcomments&post=38969"}],"version-history":[{"count":1,"href":"https:\/\/dekkbi.com\/index.php?rest_route=\/wp\/v2\/posts\/38969\/revisions"}],"predecessor-version":[{"id":38971,"href":"https:\/\/dekkbi.com\/index.php?rest_route=\/wp\/v2\/posts\/38969\/revisions\/38971"}],"wp:featuredmedia":[{"embeddable":true,"href":"https:\/\/dekkbi.com\/index.php?rest_route=\/wp\/v2\/media\/38970"}],"wp:attachment":[{"href":"https:\/\/dekkbi.com\/index.php?rest_route=%2Fwp%2Fv2%2Fmedia&parent=38969"}],"wp:term":[{"taxonomy":"category","embeddable":true,"href":"https:\/\/dekkbi.com\/index.php?rest_route=%2Fwp%2Fv2%2Fcategories&post=38969"},{"taxonomy":"post_tag","embeddable":true,"href":"https:\/\/dekkbi.com\/index.php?rest_route=%2Fwp%2Fv2%2Ftags&post=38969"}],"curies":[{"name":"wp","href":"https:\/\/api.w.org\/{rel}","templated":true}]}}