{"id":38960,"date":"2024-07-25T10:54:40","date_gmt":"2024-07-25T10:54:40","guid":{"rendered":"https:\/\/dekkbi.com\/?p=38960"},"modified":"2024-07-25T10:54:40","modified_gmt":"2024-07-25T10:54:40","slug":"gestion-des-ressources-et-changements-climatiques-les-technologies-dobservation-de-la-terre-au-coeur-du-dispositif","status":"publish","type":"post","link":"https:\/\/dekkbi.com\/?p=38960","title":{"rendered":"Gestion des ressources et changements climatiques : Les technologies d\u2019observation de la terre au c\u0153ur du dispositif"},"content":{"rendered":"\n<p><strong>Un atelier pour une meilleure gestion des ressources de la terre et pour faire face aux d\u00e9fis li\u00e9s aux changements climatiques se tient depuis hier \u00e0 Dakar. Regroupant des experts africains, cette rencontre de trois jours, organis\u00e9e par le Centre de suivi \u00e9cologique (Cse) et l\u2019Universit\u00e9 du Ghana, fait focus sur les outils de surveillance de la terre.<\/strong><\/p>\n\n\n\n<p><strong>Par Amadou MBODJI \u2013\u00a0<\/strong>\u00a0Le Centre de suivi \u00e9cologique (Cse) et l\u2019Universit\u00e9 du Ghana organisent le 3\u00e8me Atelier r\u00e9gional d\u2019\u00e9changes pour l\u2019Afrique de l\u2019Ouest du programme \u00abGlobal monitoring for environment and security\u00a0in Africa\u00bb depuis hier \u00e0 Dakar. L\u2019objectif de cette rencontre regroupant des experts africains, c\u2019est de discuter de la durabilit\u00e9 des services de surveillance de la terre, de leurs impacts sur les utilisateurs finaux, ainsi que des synergies avec d\u2019autres initiatives r\u00e9gionales.\u00a0\u00a0\u00abComme vous le savez, nos Etats sont tr\u00e8s int\u00e9ress\u00e9s par tout ce qui peut leur permettre d\u2019assurer le d\u00e9veloppement durable et une meilleure gestion de nos ressources, et faire face aux d\u00e9fis actuels, aux changements climatiques et \u00e0 leurs effets n\u00e9fastes.\u00a0Parmi tous les dispositifs qui peuvent \u00eatre \u00e0 notre disposition, figurent en bonne place les technologies d\u2019observation de la terre. Et ce sont des outils importants qui nous permettent d\u2019\u00eatre mieux outill\u00e9s pour\u2026 une meilleure gestion de nos ressources, une meilleure gestion de nos zones humides, une lutte efficace contre les ph\u00e9nom\u00e8nes et catastrophes naturels extr\u00eames\u00bb, s\u2019est exprim\u00e9 hier Fod\u00e9 Fall, Secr\u00e9taire g\u00e9n\u00e9ral du minist\u00e8re de l\u2019Environnement et du d\u00e9veloppement durable.\u00a0\u00abNous avons r\u00e9uni, aujourd\u2019hui \u00e0 Dakar, des sommit\u00e9s du secteur qui viennent de beaucoup de pays africains et occidentaux, qui pendant trois jours vont \u00e9changer, partager les exp\u00e9riences pour renforcer nos capacit\u00e9s \u00e0 pouvoir mieux utiliser ces technologies d\u2019observation de la terre. Et de mani\u00e8re \u00e0 ce qu\u2019elles puissent r\u00e9pondre efficacement aux attentes de nos diff\u00e9rentes nations, nos diff\u00e9rents dirigeants\u00bb, poursuit le repr\u00e9sentant du ministre de l\u2019Environnement et du d\u00e9veloppement durable.\u00a0<\/p>\n\n\n\n<p>A sa suite, Cheikh Kane, charg\u00e9 de la gestion des Aires prot\u00e9g\u00e9es au sein de l\u2019Uemoa, parle de la gestion anticip\u00e9e de ph\u00e9nom\u00e8nes tels que les inondations.\u00a0\u00abD\u00e9j\u00e0, les pays, les Etats de mani\u00e8re g\u00e9n\u00e9rale, que ce soient ceux de l\u2019Uemoa ou de la Cedeao, anticipent les inondations. Le S\u00e9n\u00e9gal n\u2019attendra pas une directive ou un r\u00e8glement de l\u2019Uemoa ou de la Cedeao pour faire face aux effets n\u00e9fastes li\u00e9s aux inondations. Il y a des initiatives qui sont prises d\u00e9j\u00e0 par les Etats que nous saluons. Maintenant, il y a des probl\u00e9matiques qui d\u00e9passent l\u2019espace d\u2019un Etat. C\u2019est l\u00e0 que la dimension r\u00e9gionale prend tout son sens pour des effets de synergie et de compl\u00e9mentarit\u00e9 avec les diff\u00e9rents Etats. Nous venons ensuite pour renforcer les initiatives prises par les Etats afin de faire face \u00e0 telle ou telle probl\u00e9matique\u00bb, explique M. Kane. Cette rencontre sera une mani\u00e8re de promouvoir des technologies d\u2019observation de la terre et d\u2019assurer une solution de durabilit\u00e9 au sein des institutions africaines.<\/p>\n\n\n\n<p><strong>ambodji@lequotidien.sn<\/strong><\/p>\n","protected":false},"excerpt":{"rendered":"<p>Un atelier pour une meilleure gestion des ressources de la terre et pour faire face aux d\u00e9fis li\u00e9s aux changements<\/p>\n","protected":false},"author":1,"featured_media":38961,"comment_status":"open","ping_status":"open","sticky":false,"template":"","format":"standard","meta":{"footnotes":""},"categories":[3],"tags":[],"class_list":["post-38960","post","type-post","status-publish","format-standard","has-post-thumbnail","hentry","category-event-more-news"],"_links":{"self":[{"href":"https:\/\/dekkbi.com\/index.php?rest_route=\/wp\/v2\/posts\/38960","targetHints":{"allow":["GET"]}}],"collection":[{"href":"https:\/\/dekkbi.com\/index.php?rest_route=\/wp\/v2\/posts"}],"about":[{"href":"https:\/\/dekkbi.com\/index.php?rest_route=\/wp\/v2\/types\/post"}],"author":[{"embeddable":true,"href":"https:\/\/dekkbi.com\/index.php?rest_route=\/wp\/v2\/users\/1"}],"replies":[{"embeddable":true,"href":"https:\/\/dekkbi.com\/index.php?rest_route=%2Fwp%2Fv2%2Fcomments&post=38960"}],"version-history":[{"count":1,"href":"https:\/\/dekkbi.com\/index.php?rest_route=\/wp\/v2\/posts\/38960\/revisions"}],"predecessor-version":[{"id":38962,"href":"https:\/\/dekkbi.com\/index.php?rest_route=\/wp\/v2\/posts\/38960\/revisions\/38962"}],"wp:featuredmedia":[{"embeddable":true,"href":"https:\/\/dekkbi.com\/index.php?rest_route=\/wp\/v2\/media\/38961"}],"wp:attachment":[{"href":"https:\/\/dekkbi.com\/index.php?rest_route=%2Fwp%2Fv2%2Fmedia&parent=38960"}],"wp:term":[{"taxonomy":"category","embeddable":true,"href":"https:\/\/dekkbi.com\/index.php?rest_route=%2Fwp%2Fv2%2Fcategories&post=38960"},{"taxonomy":"post_tag","embeddable":true,"href":"https:\/\/dekkbi.com\/index.php?rest_route=%2Fwp%2Fv2%2Ftags&post=38960"}],"curies":[{"name":"wp","href":"https:\/\/api.w.org\/{rel}","templated":true}]}}