{"id":38954,"date":"2024-07-25T10:48:00","date_gmt":"2024-07-25T10:48:00","guid":{"rendered":"https:\/\/dekkbi.com\/?p=38954"},"modified":"2024-07-25T10:48:01","modified_gmt":"2024-07-25T10:48:01","slug":"les-nouvelles-orientations-du-3fpt-presentees-aux-acteurs-de-thies","status":"publish","type":"post","link":"https:\/\/dekkbi.com\/?p=38954","title":{"rendered":"Les nouvelles orientations du 3FPT pr\u00e9sent\u00e9es aux acteurs de Thi\u00e8s"},"content":{"rendered":"\n<p>Thi\u00e8s, 24 juil (APS) \u2013 Le directeur g\u00e9n\u00e9ral du Fonds de financement de la formation professionnelle et technique (3FPT) a pr\u00e9sent\u00e9 mercredi, \u00e0 Thi\u00e8s (est), les nouvelles orientations de la structure aux responsables des services techniques d\u00e9concentr\u00e9s, \u00e0 des acteurs priv\u00e9s de formation et membres de la soci\u00e9t\u00e9 civile de la r\u00e9gion de Thi\u00e8s.<\/p>\n\n\n\n<p>Ces nouvelles orientations s\u2019inscrivent dans l\u2019axe 3, qui concerne le capital humain et la qualit\u00e9 de vie, a dit Babo Amadou B\u00e2, lors d\u2019une rencontre inscrite dans le cadre d\u2019une tourn\u00e9e nationale.<\/p>\n\n\n\n<p>\u201cNous sommes l\u00e0 pour pr\u00e9senter ces nouvelles orientations selon trois approches : l\u2019approche territoriale, l\u2019approche syst\u00e9mique et l\u2019approche par rapport \u00e0 notre mod\u00e8le de d\u00e9veloppement \u00e9conomique\u201c, a dit le directeur g\u00e9n\u00e9ral du 3FPT.<\/p>\n\n\n\n<p>Ce mod\u00e8le d\u00e9nomm\u00e9 \u2018\u2019Industrialisation par la substitution des importations\u2019\u2019 (ISI), s\u2019appuie sur l\u2019approche cha\u00eene de valeur, qui prend en compte les secteurs primaire, secondaire et tertiaire, a-t-il ajout\u00e9.<\/p>\n\n\n\n<p>Selon Babo Amadou B\u00e2, le 3FPT, conform\u00e9ment \u00e0 la premi\u00e8re des cinq priorit\u00e9s d\u00e9clin\u00e9es par le gouvernement, et relative \u00e0 l\u2019entrepreneuriat et \u00e0 l\u2019emploi des jeunes et des femmes, mise sur ces approches pour r\u00e9soudre la question de l\u2019emploi des jeunes.<\/p>\n\n\n\n<p>L\u2019approche territoriale renvoie au besoin d\u2019adaptation de l\u2019offre \u00e0 la demande de formation identifi\u00e9e au niveau local.<\/p>\n\n\n\n<p>L\u2019approche syst\u00e9mique porte sur des collaborations avec l\u2019Agence de d\u00e9veloppement des PME (ADEPME), l\u2019Agence de promotion des investissements et des grands travaux (APIX), la D\u00e9l\u00e9gation \u00e0 l\u2019entreprenariat rapide (DER) et d\u2019autres structures comme l\u2019Agence nationale pour la promotion de l\u2019emploi des jeunes (ANPEJ).<\/p>\n\n\n\n<p>\u2018\u2019Deux parcours sont pr\u00e9vus dans le cadre des nouvelles orientations : les jeunes form\u00e9s et qui veulent se lancer dans l\u2019auto-emploi, cheminent entre le 3FPT et la DER, pour le financement de leurs projets. Les jeunes qui veulent un emploi salari\u00e9 passent par l\u2019ADEPME\u2019\u2019, a pr\u00e9cis\u00e9 M. B\u00e2.<\/p>\n\n\n\n<p>L\u2019approche syst\u00e9mique, a-t-il expliqu\u00e9, consiste en une synergie entre plusieurs entit\u00e9s travaillant ensemble pour r\u00e9soudre un probl\u00e8me structurel.<\/p>\n\n\n\n<p>Enfin, a-t-il dit, l\u2019APIX, qui travaille \u00e0 l\u2019attractivit\u00e9 du pays, se chargera de la mise en place d\u2019un environnement macro\u00e9conomique ad\u00e9quat dont ont besoin tous ces jeunes.<\/p>\n\n\n\n<p>Pr\u00e9sent \u00e0 cette rencontre de pr\u00e9sentations des nouvelles orientations du 3FPT, le gouverneur de la r\u00e9gion de Thi\u00e8s, Oumar Mamadou Bald\u00e9, a d\u00e9clin\u00e9 quatre secteurs prioritaires qui \u2018\u2019ne sauraient \u00eatre laiss\u00e9s en rade, en mati\u00e8re de formation\u2019\u2019.<\/p>\n\n\n\n<p>\u2018\u2019Il s\u2019agit des secteurs des mines, du ferroviaire, du tourisme et h\u00f4tellerie, de l\u2019horticulture, ainsi que des nouveaux m\u00e9tiers\u2019\u2019, a-t-il list\u00e9, pr\u00e9cisant qu\u2019\u201cil faut aller vers une nouvelle orientation en mati\u00e8re de formation\u201c.<\/p>\n\n\n\n<p>Le gouverneur de la r\u00e9gion de Thi\u00e8s n\u2019a pas manqu\u00e9 d\u2019\u00e9voquer les nouveaux besoins de formation dans les domaines du froid et de la climatisation, de la m\u00e9catronique automobile pour la r\u00e9paration des nouveaux types de v\u00e9hicules.<\/p>\n\n\n\n<p>Le directeur g\u00e9n\u00e9ral du 3FPT a rappel\u00e9 que les inscriptions aux formations seront faites en ligne. Une d\u00e9marche qui a suscit\u00e9 l\u2019appr\u00e9hension du pr\u00e9sident de la Chambre des m\u00e9tiers, Amadou Makhtar S\u00e8ye, qui craint qu\u2019une bonne partie des artisans, qui n\u2019ont pas \u00e9t\u00e9 form\u00e9s \u00e0 l\u2019usage du num\u00e9rique ne puissent postuler.<\/p>\n\n\n\n<p>A ce propos, des guichets mobiles, en plus des p\u00f4les emploi, sont pr\u00e9vus pour accompagner les artisans, a rassur\u00e9 Sidy B\u00e2, le directeur du financement de la formation au 3FPT.<\/p>\n\n\n\n<p>A l\u2019issue de cette tourn\u00e9e nationale, les quotas de formations seront stabilis\u00e9s et chaque d\u00e9partement aura un quota de bons de formation, en fonction de sa d\u00e9mographie, a-t-il soulign\u00e9.<\/p>\n\n\n\n<p>\u2018\u2019La labellisation sera un d\u00e9terminant majeur, pour s\u2019assurer que les jeunes soient envoy\u00e9s vers des \u00e9tablissements de formation de qualit\u00e9\u2019\u2019, a \u00e9galement dit le directeur g\u00e9n\u00e9ral du 3 FPT, r\u00e9pondant ainsi \u00e0 une pr\u00e9occupation du gouverneur de Thi\u00e8s, qui l\u2019a invit\u00e9 \u00e0 veiller \u00e0 ce que la rigueur soit de mise dans le choix des structures accr\u00e9dit\u00e9es pour la formation.<\/p>\n\n\n\n<p>Apr\u00e8s une pr\u00e9sentation du bilan des huit ans de formation du 3FPT depuis 2016 et de ses nouvelles orientations, le gouverneur a fait part de son espoir de voir cette structure faire de nouvelles performances avec la nouvelle \u00e9quipe dirig\u00e9e par Sina Amadou Gaye.<\/p>\n","protected":false},"excerpt":{"rendered":"<p>Thi\u00e8s, 24 juil (APS) \u2013 Le directeur g\u00e9n\u00e9ral du Fonds de financement de la formation professionnelle et technique (3FPT) a<\/p>\n","protected":false},"author":1,"featured_media":38955,"comment_status":"open","ping_status":"open","sticky":false,"template":"","format":"standard","meta":{"footnotes":""},"categories":[21],"tags":[],"class_list":["post-38954","post","type-post","status-publish","format-standard","has-post-thumbnail","hentry","category-societe"],"_links":{"self":[{"href":"https:\/\/dekkbi.com\/index.php?rest_route=\/wp\/v2\/posts\/38954","targetHints":{"allow":["GET"]}}],"collection":[{"href":"https:\/\/dekkbi.com\/index.php?rest_route=\/wp\/v2\/posts"}],"about":[{"href":"https:\/\/dekkbi.com\/index.php?rest_route=\/wp\/v2\/types\/post"}],"author":[{"embeddable":true,"href":"https:\/\/dekkbi.com\/index.php?rest_route=\/wp\/v2\/users\/1"}],"replies":[{"embeddable":true,"href":"https:\/\/dekkbi.com\/index.php?rest_route=%2Fwp%2Fv2%2Fcomments&post=38954"}],"version-history":[{"count":1,"href":"https:\/\/dekkbi.com\/index.php?rest_route=\/wp\/v2\/posts\/38954\/revisions"}],"predecessor-version":[{"id":38956,"href":"https:\/\/dekkbi.com\/index.php?rest_route=\/wp\/v2\/posts\/38954\/revisions\/38956"}],"wp:featuredmedia":[{"embeddable":true,"href":"https:\/\/dekkbi.com\/index.php?rest_route=\/wp\/v2\/media\/38955"}],"wp:attachment":[{"href":"https:\/\/dekkbi.com\/index.php?rest_route=%2Fwp%2Fv2%2Fmedia&parent=38954"}],"wp:term":[{"taxonomy":"category","embeddable":true,"href":"https:\/\/dekkbi.com\/index.php?rest_route=%2Fwp%2Fv2%2Fcategories&post=38954"},{"taxonomy":"post_tag","embeddable":true,"href":"https:\/\/dekkbi.com\/index.php?rest_route=%2Fwp%2Fv2%2Ftags&post=38954"}],"curies":[{"name":"wp","href":"https:\/\/api.w.org\/{rel}","templated":true}]}}