{"id":38951,"date":"2024-07-25T10:45:53","date_gmt":"2024-07-25T10:45:53","guid":{"rendered":"https:\/\/dekkbi.com\/?p=38951"},"modified":"2024-07-25T10:45:54","modified_gmt":"2024-07-25T10:45:54","slug":"phases-nationales-de-navetanes-lorganisation-retiree-a-la-region-de-matam-pour-non-respect-des-cahiers-de-charge","status":"publish","type":"post","link":"https:\/\/dekkbi.com\/?p=38951","title":{"rendered":"Phases nationales de Nav\u00e9tanes: l\u2019organisation retir\u00e9e \u00e0 la r\u00e9gion de Matam pour non-respect des cahiers de charge"},"content":{"rendered":"\n<p>Matam,  (APS) \u2013 L\u2019organisme national de coordination des activit\u00e9s de vacances (ONCAV), a annonc\u00e9, mercredi, avoir retir\u00e9 \u00e0 la r\u00e9gion de Matam l\u2019organisation des phases nationales de Nav\u00e9tanes pour \u201dnon-respect du cahier des charges\u201d, a appris l\u2019APS.<\/p>\n\n\n\n<p>\u201dNous vous informons qu\u2019apr\u00e8s une \u00e9valuation exhaustive et en raison des difficult\u00e9s rencontr\u00e9es par l\u2019ORCAV de Matam pour remplir le cahier des charges requis, nous avons pris la d\u00e9cision de d\u00e9localiser les phases nationales 2024\u201d, lit-on dans la d\u00e9cision de l\u2019ONCAV transmise \u00e0 l\u2019APS.<\/p>\n\n\n\n<p>L\u2019ONCAV a rappel\u00e9 dans la lettre adress\u00e9e \u00e0 l\u2019Organisme r\u00e9gional de coordination des activit\u00e9s de vacances (ORCAV) de Matam que \u201dle respect du cahier des charges est l\u2019une des conditions essentielles pour garantir le bon d\u00e9roulement des phases nationales\u201d.<\/p>\n\n\n\n<p>L\u2019instance dirigeante des activit\u00e9s de vacances a pr\u00e9cis\u00e9 avoir pris cette d\u00e9cision \u2018\u2019apr\u00e8s de nombreux \u00e9changes infructueux avec les diff\u00e9rents acteurs et autorit\u00e9s comp\u00e9tentes de la r\u00e9gion.\u2019\u2019<\/p>\n\n\n\n<p>Les phases nationales de Nav\u00e9tanes \u00e9taient pr\u00e9vues en ao\u00fbt et septembre sur neuf sites de la r\u00e9gion.<\/p>\n\n\n\n<p>Matam devait participer \u00e0 hauteur de 142 millions de francs CFA, \u00e0 travers les collectivit\u00e9s territoriales, soit 70% du budget qui s\u2019\u00e9l\u00e8ve \u00e0 plus de 204 millions de francs CFA.<\/p>\n\n\n\n<p>Selon le Pr\u00e9sident de l\u2019ORCAV de Matam, Samba Ndiaye, cette d\u00e9cision est une \u201dcons\u00e9quence logique suite au manque de r\u00e9action des autorit\u00e9s territoriales qui avaient pris l\u2019engagement de financer les activit\u00e9s\u201d.<\/p>\n\n\n\n<p>Au mois de mai dernier, une r\u00e9union du Comit\u00e9 r\u00e9gional de d\u00e9veloppement (CRD) s\u2019\u00e9tait tenue en pr\u00e9sence du Pr\u00e9sident de l\u2019ONCAV, Amadou Kane.<\/p>\n\n\n\n<p>Une d\u00e9l\u00e9gation venue de Dakar avait fait le tour de la r\u00e9gion pour visiter les sites qui \u00e9taient pr\u00e9vus pour ces phases.<\/p>\n\n\n\n<p>En 2013 l\u2019ONCAV avait aussi retir\u00e9 l\u2019organisation de cette m\u00eame comp\u00e9tition \u00e0 la r\u00e9gion de Matam.<\/p>\n\n\n\n<p>AT\/MK\/OID<\/p>\n","protected":false},"excerpt":{"rendered":"<p>Matam, (APS) \u2013 L\u2019organisme national de coordination des activit\u00e9s de vacances (ONCAV), a annonc\u00e9, mercredi, avoir retir\u00e9 \u00e0 la r\u00e9gion<\/p>\n","protected":false},"author":1,"featured_media":38952,"comment_status":"open","ping_status":"open","sticky":false,"template":"","format":"standard","meta":{"footnotes":""},"categories":[9],"tags":[],"class_list":["post-38951","post","type-post","status-publish","format-standard","has-post-thumbnail","hentry","category-sports"],"_links":{"self":[{"href":"https:\/\/dekkbi.com\/index.php?rest_route=\/wp\/v2\/posts\/38951","targetHints":{"allow":["GET"]}}],"collection":[{"href":"https:\/\/dekkbi.com\/index.php?rest_route=\/wp\/v2\/posts"}],"about":[{"href":"https:\/\/dekkbi.com\/index.php?rest_route=\/wp\/v2\/types\/post"}],"author":[{"embeddable":true,"href":"https:\/\/dekkbi.com\/index.php?rest_route=\/wp\/v2\/users\/1"}],"replies":[{"embeddable":true,"href":"https:\/\/dekkbi.com\/index.php?rest_route=%2Fwp%2Fv2%2Fcomments&post=38951"}],"version-history":[{"count":1,"href":"https:\/\/dekkbi.com\/index.php?rest_route=\/wp\/v2\/posts\/38951\/revisions"}],"predecessor-version":[{"id":38953,"href":"https:\/\/dekkbi.com\/index.php?rest_route=\/wp\/v2\/posts\/38951\/revisions\/38953"}],"wp:featuredmedia":[{"embeddable":true,"href":"https:\/\/dekkbi.com\/index.php?rest_route=\/wp\/v2\/media\/38952"}],"wp:attachment":[{"href":"https:\/\/dekkbi.com\/index.php?rest_route=%2Fwp%2Fv2%2Fmedia&parent=38951"}],"wp:term":[{"taxonomy":"category","embeddable":true,"href":"https:\/\/dekkbi.com\/index.php?rest_route=%2Fwp%2Fv2%2Fcategories&post=38951"},{"taxonomy":"post_tag","embeddable":true,"href":"https:\/\/dekkbi.com\/index.php?rest_route=%2Fwp%2Fv2%2Ftags&post=38951"}],"curies":[{"name":"wp","href":"https:\/\/api.w.org\/{rel}","templated":true}]}}