{"id":38948,"date":"2024-07-25T10:41:14","date_gmt":"2024-07-25T10:41:14","guid":{"rendered":"https:\/\/dekkbi.com\/?p=38948"},"modified":"2024-07-25T10:41:15","modified_gmt":"2024-07-25T10:41:15","slug":"militaires-cannibales-des-maliens-et-burkinabe-se-servent-a-pleines-dents","status":"publish","type":"post","link":"https:\/\/dekkbi.com\/?p=38948","title":{"rendered":"Militaires cannibales : Des Maliens et Burkinab\u00e8 se servent \u00e0 pleines dents"},"content":{"rendered":"\n<p>Que dire\u00a0? Ce sont des images qui suscitent l\u2019indignation et provoquent la naus\u00e9e. Du Mali au Burkina, il y a des vid\u00e9os horribles qui mettent en action des soldats s\u2019adonnant \u00e0 des pratiques cannibales et circulent depuis quelques jours sur les r\u00e9seaux sociaux. Si la premi\u00e8re a \u00e9t\u00e9 diffus\u00e9e le 16 juillet dernier, d\u2019autres plus cruelles sont en circulation notamment au Burkina, dans lesquelles on voit des militaires \u00e9ventrer leurs victimes. <\/p>\n\n\n\n<p>Pour chercher quoi\u00a0? <\/p>\n\n\n\n<p>Leur c\u0153ur ou leur foie pour les manger\u2026 Nau\u00ads\u00e9abond\u00a0! Il y a aussi des images o\u00f9 des Vdp (Volontaires pour la d\u00e9fense de la Patrie,) posent \u00e0 c\u00f4t\u00e9 d\u2019une t\u00eate empal\u00e9e. Si jusqu\u2019ici, des violences et des exactions sont commises par les militaires dans ces deux pays confront\u00e9s \u00e0 des attaques djihadistes \u00e9pouvantables, ces sc\u00e8nes de mutilation insoutenables se d\u00e9roulent dans une ambiance d\u00e9contract\u00e9e. Effroyable\u00a0! Cruel\u2026 Les adjectifs ne manquent pas pour d\u00e9crire le contenu de ces vid\u00e9os qui basculent ces militaires dans un monde apocalyptique.<\/p>\n\n\n\n<p><br>Evidemment, l\u2019Arm\u00e9e malienne s\u2019est d\u00e9solidaris\u00e9e de ces pratiques \u00abd\u2019une rare atrocit\u00e9 assimilable \u00e0 du cannibalisme\u00bb et a annonc\u00e9 l\u2019ouverture d\u2019une enqu\u00eate. \u00abL\u2019Etat-major g\u00e9n\u00e9ral des Arm\u00e9es et l\u2019ensemble des Fama se d\u00e9solidarisent de cette vid\u00e9o et assurent que ces pratiques sont contraires \u00e0 l\u2019\u00e9thique, aux valeurs, et aux us et coutumes de notre Arm\u00e9e.\u00bb Pour l\u2019heure, aucune information n\u2019a \u00e9t\u00e9 rendue publique sur la date ou le lieu o\u00f9 la vid\u00e9o a \u00e9t\u00e9 tourn\u00e9e. Les Fama ont affirm\u00e9 tout mettre en \u0153uvre pour en \u00abconfirmer l\u2019authenticit\u00e9 et [identifier] l\u2019individu\u00bb. A Ouaga, c\u2019est silence radio\u2026<\/p>\n","protected":false},"excerpt":{"rendered":"<p>Que dire\u00a0? Ce sont des images qui suscitent l\u2019indignation et provoquent la naus\u00e9e. Du Mali au Burkina, il y a<\/p>\n","protected":false},"author":1,"featured_media":38949,"comment_status":"open","ping_status":"open","sticky":false,"template":"","format":"standard","meta":{"footnotes":""},"categories":[26],"tags":[],"class_list":["post-38948","post","type-post","status-publish","format-standard","has-post-thumbnail","hentry","category-fait-divers"],"_links":{"self":[{"href":"https:\/\/dekkbi.com\/index.php?rest_route=\/wp\/v2\/posts\/38948","targetHints":{"allow":["GET"]}}],"collection":[{"href":"https:\/\/dekkbi.com\/index.php?rest_route=\/wp\/v2\/posts"}],"about":[{"href":"https:\/\/dekkbi.com\/index.php?rest_route=\/wp\/v2\/types\/post"}],"author":[{"embeddable":true,"href":"https:\/\/dekkbi.com\/index.php?rest_route=\/wp\/v2\/users\/1"}],"replies":[{"embeddable":true,"href":"https:\/\/dekkbi.com\/index.php?rest_route=%2Fwp%2Fv2%2Fcomments&post=38948"}],"version-history":[{"count":1,"href":"https:\/\/dekkbi.com\/index.php?rest_route=\/wp\/v2\/posts\/38948\/revisions"}],"predecessor-version":[{"id":38950,"href":"https:\/\/dekkbi.com\/index.php?rest_route=\/wp\/v2\/posts\/38948\/revisions\/38950"}],"wp:featuredmedia":[{"embeddable":true,"href":"https:\/\/dekkbi.com\/index.php?rest_route=\/wp\/v2\/media\/38949"}],"wp:attachment":[{"href":"https:\/\/dekkbi.com\/index.php?rest_route=%2Fwp%2Fv2%2Fmedia&parent=38948"}],"wp:term":[{"taxonomy":"category","embeddable":true,"href":"https:\/\/dekkbi.com\/index.php?rest_route=%2Fwp%2Fv2%2Fcategories&post=38948"},{"taxonomy":"post_tag","embeddable":true,"href":"https:\/\/dekkbi.com\/index.php?rest_route=%2Fwp%2Fv2%2Ftags&post=38948"}],"curies":[{"name":"wp","href":"https:\/\/api.w.org\/{rel}","templated":true}]}}