{"id":38931,"date":"2024-07-24T16:49:46","date_gmt":"2024-07-24T16:49:46","guid":{"rendered":"https:\/\/dekkbi.com\/?p=38931"},"modified":"2024-07-24T16:49:46","modified_gmt":"2024-07-24T16:49:46","slug":"mamoudou-ibra-kane-leader-du-mouvement-demain-cest-maintenant-jappelle-amadou-ba-a-sadresser-aux-senegalais","status":"publish","type":"post","link":"https:\/\/dekkbi.com\/?p=38931","title":{"rendered":"Mamoudou Ibra Kane, leader du mouvement \u00abDemain c\u2019est Maintenant\u00bb : \u00abJ\u2019appelle Amadou Ba \u00e0 s\u2019adresser aux S\u00e9n\u00e9galais\u00bb"},"content":{"rendered":"\n<p>C\u2019est l\u2019incertitude autour de la posture politique de l\u2019ancien Premier ministre et candidat malheureux \u00e0 la Pr\u00e9sidentielle 2024. Amadou Ba, qui souhaite incarner \u00abune opposition d\u00e9mocratique et r\u00e9publicaine\u00bb, va-t-il quitter l\u2019Apr ? En tout cas, pour le pr\u00e9sident du mouvement \u00abDemain c\u2019est maintenant\u00bb, Amadou Ba doit clarifier sa posture politique et informer les S\u00e9n\u00e9galais de ses intentions futures, que ce soit la cr\u00e9ation d\u2019un nouveau cadre politique ou autre. Il appelle Amadou Ba \u00e0 parler aux S\u00e9n\u00e9galais.S\u2019exprimant hier sur la Rfm, M. Kane rappelle que Amadou Ba avait fait une d\u00e9claration \u00e9voquant de nouvelles responsabilit\u00e9s et dynamiques, et se disait pr\u00eat \u00e0 assumer le statut de chef de l\u2019opposition. \u00abJe voudrais dire, solennellement, que je l\u2019appelle \u00e0 s\u2019adresser aux S\u00e9n\u00e9galais, \u00e0 leur dire qu\u2019elle est sa posture. Il est vrai qu\u2019il a fait une profession de foi en pr\u00f4nant une nouvelle responsabilit\u00e9, une nouvelle dynamique, mais il doit aller plus loin. Il a parl\u00e9 d\u2019un nouveau cadre. Les S\u00e9n\u00e9galais veulent savoir si c\u2019est un parti ou un mouvement. Le score qu\u2019il a obtenu (36%) n\u2019est pas n\u00e9gligeable\u00bb, a d\u00e9clar\u00e9 hier le journaliste.Soutien de Amadou Ba lors de la derni\u00e8re Pr\u00e9sidentielle, Kane souligne que le Pr\u00e9sident Bassirou Diomaye Faye a reconnu Amadou Ba comme chef de l\u2019opposition, en lui demandant de choisir un repr\u00e9sentant au sein de Cos-P\u00e9trogaz. Cependant, lors de sa conf\u00e9rence de presse r\u00e9cente, Bassirou Diomaye Faye n\u2019a pas abord\u00e9 les questions de la dissolution de l\u2019Assembl\u00e9e nationale ou de la tenue d\u2019un r\u00e9f\u00e9rendum. Pour Mamoudou Ibra Kane, cette omission n\u2019est pas anodine. \u00abCela cache ses v\u00e9ritables intentions\u00bb, a-t-il sugg\u00e9r\u00e9. Mamoudou Ibra Kane appelle Amadou Ba \u00e0 ne pas rester passif.\u00abIl doit d\u00e9passer les cadres de l\u2019Apr et de Bby pour devenir un v\u00e9ritable rassembleur et \u00e9viter que sa position actuelle ne limite ses ambitions politiques\u00bb, a-t-il insist\u00e9.<\/p>\n\n\n\n<p>Le pr\u00e9sident du mouvement \u00abDemain c\u2019est maintenant\u00bb a \u00e9galement mis en garde contre la politique de continuit\u00e9 adopt\u00e9e par le gouvernement. \u00abCe qu\u2019ils sont en train de faire, c\u2019est tout simplement de la continuit\u00e9. Ils sont en train de faire tout ce contre quoi ils se battaient, c\u2019est-\u00e0-dire tout ce qui a provoqu\u00e9 des catastrophes dans ce pays, humainement et \u00e9conomiquement\u00bb, a-t-il lanc\u00e9. L\u2019ancien journaliste a compar\u00e9 les pratiques actuelles \u00e0 celles des r\u00e9gimes pr\u00e9c\u00e9dents de Abdoulaye Wade et de Macky Sall.MIK appelle l\u2019opposition et la Soci\u00e9t\u00e9 civile \u00e0 s\u2019unir pour\u2026Mamoudou Ibra Kane a \u00e9galement mis en garde contre le risque de r\u00e9volte populaire. \u00abLes S\u00e9n\u00e9galais qui les avaient \u00e9lus sont en train de les observer. Il ne faut pas qu\u2019ils oublient qu\u2019ils ne disposent que d\u2019un seul mandat et que les S\u00e9n\u00e9galais qui les ont \u00e9lus peuvent les sanctionner tr\u00e8s s\u00e9v\u00e8rement\u00bb, a fait savoir le journaliste, qui a appel\u00e9 l\u2019opposition et la Soci\u00e9t\u00e9 civile \u00e0 s\u2019unir pour demander au gouvernement de revoir certaines d\u00e9cisions jug\u00e9es injustes. \u00abQu\u2019ils se mettent tous ensemble pour organiser un grand rassemblement, pour faire face au gouvernement et leur demander d\u2019arr\u00eater certaines d\u00e9cisions injustes qu\u2019ils sont en train de prendre\u00bb, dira Mamoudou Ibra Kane. Et de poursuivre : \u00abLa d\u00e9mocratie, ce n\u2019est pas seulement parce qu\u2019on t\u2019a \u00e9lu que tu as le droit de faire ce que tu veux. Non, la d\u00e9mocratie est aussi contr\u00f4l\u00e9e par les citoyens.\u00bb A l\u2019en croire d\u2019ailleurs, cette politique risque de provoquer une r\u00e9volte populaire dans les trois prochains mois.Il explique que \u00abce qui se passe actuellement au S\u00e9n\u00e9gal risque de mener \u00e0 une fronde ou \u00e0 des moments tr\u00e8s sombres o\u00f9 les populations vont n\u00e9cessairement se retourner contre le pouvoir actuel\u00bb. Donnant rendez-vous aux S\u00e9n\u00e9galais au sixi\u00e8me mois du mandat de Faye et Sonko, Mamadou Ibra Kane craint aussi des troubles importants. \u00abQuand on g\u00e8re un pouvoir, on doit \u00e9galement observer la r\u00e9action des populations. Regardez ce qui s\u2019est pass\u00e9 ces derniers jours au Kenya et dans d\u2019autres pays. Prendre des d\u00e9cisions lourdes de cons\u00e9quences sur une population peut co\u00fbter tr\u00e8s cher.Si vous \u00eates \u00e9lu et que vous pensez que vous avez le droit de faire tout ce que vous voulez, je dis que c\u2019est une erreur. Si le pouvoir ne fait pas attention, non seulement leur \u00e9tat de gr\u00e2ce est termin\u00e9, mais s\u2019ils ne font pas attention \u00e9galement dans les trois mois \u00e0 venir, c\u2019est-\u00e0-dire au moment o\u00f9 ils vont boucler leurs six mois au pouvoir, cela risque de chauffer \u00e9norm\u00e9ment pour eux\u00bb, a-t-il soulign\u00e9.<\/p>\n\n\n\n<p>Par Ousmane SOW<\/p>\n\n\n\n<p>LEQUOTIDIEN<\/p>\n\n\n\n<p><\/p>\n","protected":false},"excerpt":{"rendered":"<p>C\u2019est l\u2019incertitude autour de la posture politique de l\u2019ancien Premier ministre et candidat malheureux \u00e0 la Pr\u00e9sidentielle 2024. Amadou Ba,<\/p>\n","protected":false},"author":1,"featured_media":22803,"comment_status":"open","ping_status":"open","sticky":false,"template":"","format":"standard","meta":{"footnotes":""},"categories":[6],"tags":[],"class_list":["post-38931","post","type-post","status-publish","format-standard","has-post-thumbnail","hentry","category-politics"],"_links":{"self":[{"href":"https:\/\/dekkbi.com\/index.php?rest_route=\/wp\/v2\/posts\/38931","targetHints":{"allow":["GET"]}}],"collection":[{"href":"https:\/\/dekkbi.com\/index.php?rest_route=\/wp\/v2\/posts"}],"about":[{"href":"https:\/\/dekkbi.com\/index.php?rest_route=\/wp\/v2\/types\/post"}],"author":[{"embeddable":true,"href":"https:\/\/dekkbi.com\/index.php?rest_route=\/wp\/v2\/users\/1"}],"replies":[{"embeddable":true,"href":"https:\/\/dekkbi.com\/index.php?rest_route=%2Fwp%2Fv2%2Fcomments&post=38931"}],"version-history":[{"count":1,"href":"https:\/\/dekkbi.com\/index.php?rest_route=\/wp\/v2\/posts\/38931\/revisions"}],"predecessor-version":[{"id":38932,"href":"https:\/\/dekkbi.com\/index.php?rest_route=\/wp\/v2\/posts\/38931\/revisions\/38932"}],"wp:featuredmedia":[{"embeddable":true,"href":"https:\/\/dekkbi.com\/index.php?rest_route=\/wp\/v2\/media\/22803"}],"wp:attachment":[{"href":"https:\/\/dekkbi.com\/index.php?rest_route=%2Fwp%2Fv2%2Fmedia&parent=38931"}],"wp:term":[{"taxonomy":"category","embeddable":true,"href":"https:\/\/dekkbi.com\/index.php?rest_route=%2Fwp%2Fv2%2Fcategories&post=38931"},{"taxonomy":"post_tag","embeddable":true,"href":"https:\/\/dekkbi.com\/index.php?rest_route=%2Fwp%2Fv2%2Ftags&post=38931"}],"curies":[{"name":"wp","href":"https:\/\/api.w.org\/{rel}","templated":true}]}}