{"id":38928,"date":"2024-07-24T16:24:56","date_gmt":"2024-07-24T16:24:56","guid":{"rendered":"https:\/\/dekkbi.com\/?p=38928"},"modified":"2024-07-24T16:45:18","modified_gmt":"2024-07-24T16:45:18","slug":"assemblee-mise-a-jour-du-ri-le-groupe-de-travail-depose-ses-conclusions","status":"publish","type":"post","link":"https:\/\/dekkbi.com\/?p=38928","title":{"rendered":"Assembl\u00e9e \u2013 Mise \u00e0 jour du Ri : Le groupe de travail d\u00e9pose ses conclusions"},"content":{"rendered":"\n<p>Abdou Mbow, Ayib Daff\u00e9 et Mamadou Lamine Thiam, pr\u00e9sidents des groupes parlementaires Benno, Yaw et Libert\u00e9, plus Sanou Dione qui repr\u00e9sente les non-inscrits, ont fini leur conclave \u00e0 Saly dans le cadre de la r\u00e9actualisation du R\u00e8glement int\u00e9rieur de l\u2019Assembl\u00e9e nationale, qui emp\u00eache la Dpg du Premier ministre. <\/p>\n\n\n\n<p>\u00abSuite \u00e0 plusieurs r\u00e9unions tenues entre les pr\u00e9sidents des groupes parlementaires, et sur instruction du pr\u00e9sident de l\u2019Assembl\u00e9e nationale, M. Amadou Mame Diop, un groupe de travail pour la r\u00e9actualisation du R\u00e8glement int\u00e9rieur a \u00e9t\u00e9 mis sur pied\u00bb, note un communiqu\u00e9 des d\u00e9put\u00e9s.<\/p>\n\n\n\n<p> \u00abCe groupe de travail, compos\u00e9 des repr\u00e9sentants des trois groupes parlementaires et du repr\u00e9sentant des non-inscrits, assist\u00e9s par l\u2019administration de l\u2019Assembl\u00e9e nationale, s\u2019est r\u00e9uni les 22 et 23 juillet 2024. <\/p>\n\n\n\n<p>Les conclusions du groupe de travail seront d\u00e9pos\u00e9es sur la table du pr\u00e9sident de l\u2019Assembl\u00e9e nationale ce mercredi 24 juillet 2024\u00bb, notent-ils.<\/p>\n\n\n\n<p>LEQUOTIDIEN<\/p>\n","protected":false},"excerpt":{"rendered":"<p>Abdou Mbow, Ayib Daff\u00e9 et Mamadou Lamine Thiam, pr\u00e9sidents des groupes parlementaires Benno, Yaw et Libert\u00e9, plus Sanou Dione qui<\/p>\n","protected":false},"author":1,"featured_media":3971,"comment_status":"open","ping_status":"open","sticky":false,"template":"","format":"standard","meta":{"footnotes":""},"categories":[6],"tags":[],"class_list":["post-38928","post","type-post","status-publish","format-standard","has-post-thumbnail","hentry","category-politics"],"_links":{"self":[{"href":"https:\/\/dekkbi.com\/index.php?rest_route=\/wp\/v2\/posts\/38928","targetHints":{"allow":["GET"]}}],"collection":[{"href":"https:\/\/dekkbi.com\/index.php?rest_route=\/wp\/v2\/posts"}],"about":[{"href":"https:\/\/dekkbi.com\/index.php?rest_route=\/wp\/v2\/types\/post"}],"author":[{"embeddable":true,"href":"https:\/\/dekkbi.com\/index.php?rest_route=\/wp\/v2\/users\/1"}],"replies":[{"embeddable":true,"href":"https:\/\/dekkbi.com\/index.php?rest_route=%2Fwp%2Fv2%2Fcomments&post=38928"}],"version-history":[{"count":1,"href":"https:\/\/dekkbi.com\/index.php?rest_route=\/wp\/v2\/posts\/38928\/revisions"}],"predecessor-version":[{"id":38929,"href":"https:\/\/dekkbi.com\/index.php?rest_route=\/wp\/v2\/posts\/38928\/revisions\/38929"}],"wp:featuredmedia":[{"embeddable":true,"href":"https:\/\/dekkbi.com\/index.php?rest_route=\/wp\/v2\/media\/3971"}],"wp:attachment":[{"href":"https:\/\/dekkbi.com\/index.php?rest_route=%2Fwp%2Fv2%2Fmedia&parent=38928"}],"wp:term":[{"taxonomy":"category","embeddable":true,"href":"https:\/\/dekkbi.com\/index.php?rest_route=%2Fwp%2Fv2%2Fcategories&post=38928"},{"taxonomy":"post_tag","embeddable":true,"href":"https:\/\/dekkbi.com\/index.php?rest_route=%2Fwp%2Fv2%2Ftags&post=38928"}],"curies":[{"name":"wp","href":"https:\/\/api.w.org\/{rel}","templated":true}]}}