{"id":38903,"date":"2024-07-23T11:28:16","date_gmt":"2024-07-23T11:28:16","guid":{"rendered":"https:\/\/dekkbi.com\/?p=38903"},"modified":"2024-07-23T11:51:30","modified_gmt":"2024-07-23T11:51:30","slug":"aux-etats-unis-j-d-vance-attaque-kamala-harris-sur-son-patriotisme","status":"publish","type":"post","link":"https:\/\/dekkbi.com\/?p=38903","title":{"rendered":"Aux \u00c9tats-Unis, colistier de Donald Trump, J.D.\u00a0Vance\u00a0attaque Kamala Harris sur son patriotisme"},"content":{"rendered":"\n<p>Au lendemain de&nbsp;l\u2019annonce du retrait de Joe Biden de la campagne pr\u00e9sidentielle, dimanche 21&nbsp;juillet, l&rsquo;actuelle vice-pr\u00e9sidente Kamala Harris a essuy\u00e9 les propos racistes et sexistes du parti r\u00e9publicain. Lors de son premier meeting dans l&rsquo;Ohio, le colistier de Donald Trump, J.D.&nbsp;Vance, s&rsquo;en est pris au patriotisme de la favorite pour l&rsquo;investiture d\u00e9mocrate.&nbsp;<\/p>\n\n\n\n<p><em>Avec David Thomson\u00a0correspondant  RFI \u00e0 Miami,\u00a0<\/em><\/p>\n\n\n\n<p>Depuis la tribune de son ancien lyc\u00e9e de Middleton, Ohio, pour son premier meeting en solo, J.D.\u00a0Vance\u00a0attaque\u00a0<strong>Kamala Harris<\/strong>\u00a0sur son patriotisme. Le\u00a0<strong>colistier de Donald Trump<\/strong>\u00a0juge sa rivale d\u00e9mocrate pas assez reconnaissante envers l&rsquo;Am\u00e9rique. \u00ab<em>\u00a0[lors de ses discours] elle\u00a0parle de l\u2019histoire de ce pays, non pas en l&rsquo;appr\u00e9ciant, mais en le condamnant.\u00a0<\/em>\u00bb Les mots sont cod\u00e9s, mais le reproche vise des propos anciens de Kamala Harris sur le pass\u00e9 raciste des\u00a0<strong>\u00c9tats-Unis<\/strong>. \u00a0<\/p>\n\n\n\n<p>Pour afficher ce contenu X (Twitter), il est n\u00e9cessaire d&rsquo;autoriser les cookies de mesure d&rsquo;audience et de publicit\u00e9.AccepterG\u00e9rer mes choix<\/p>\n\n\n\n<p>\u00c0 peine d\u00e9sign\u00e9e pour remplacer\u00a0<strong>Joe Biden<\/strong>, Kamala Harris fait d\u00e9j\u00e0 l&rsquo;objet d&rsquo;<strong>incessantes attaques de la droite<\/strong>\u00a0sur son genre et sa couleur de peau.<\/p>\n\n\n\n<p>Sur CNN le repr\u00e9sentant du Tennessee, Tim Burchett, questionne sa l\u00e9gitimit\u00e9 en la qualifiant de \u00ab c<em>andidate DEI \u00e0 100 %&nbsp;<\/em>\u00bb,&nbsp;une r\u00e9f\u00e9rence au programme de discrimination positive (DEI pour programme de diversit\u00e9, d\u2019\u00e9quit\u00e9 et d\u2019inclusion), visant \u00e0 am\u00e9liorer la diversit\u00e9 dans les institutions.&nbsp;<\/p>\n\n\n\n<p>Sur les podcasts conservateurs tr\u00e8s \u00e9cout\u00e9s \u00e0 droite, les animateurs n&rsquo;h\u00e9sitent pas \u00e0 s&rsquo;en prendre \u00e0 la vie intime de Kamala Harris en remontant dans son pass\u00e9 jusqu&rsquo;aux ann\u00e9es 90.&nbsp;\u00ab&nbsp;<em>Elle est noire, c&rsquo;est une femme, elle est jolie m\u00eame \u00e0 60 ans, et elle a commenc\u00e9 sa carri\u00e8re en \u00e9tant la ma\u00eetresse de Brown, l&rsquo;ancien maire de San Francisco.<\/em>&nbsp;\u00bb<\/p>\n\n\n\n<p>Une rh\u00e9torique aux relents\u00a0<strong>racistes<\/strong>\u00a0et sexistes \u00e0 laquelle la premi\u00e8re femme noire vice-pr\u00e9sident des \u00c9tats-Unis est habitu\u00e9e depuis le d\u00e9but de sa carri\u00e8re. \u00a0<\/p>\n","protected":false},"excerpt":{"rendered":"<p>Au lendemain de&nbsp;l\u2019annonce du retrait de Joe Biden de la campagne pr\u00e9sidentielle, dimanche 21&nbsp;juillet, l&rsquo;actuelle vice-pr\u00e9sidente Kamala Harris a essuy\u00e9<\/p>\n","protected":false},"author":1,"featured_media":38904,"comment_status":"open","ping_status":"open","sticky":false,"template":"","format":"standard","meta":{"footnotes":""},"categories":[51],"tags":[],"class_list":["post-38903","post","type-post","status-publish","format-standard","has-post-thumbnail","hentry","category-general"],"_links":{"self":[{"href":"https:\/\/dekkbi.com\/index.php?rest_route=\/wp\/v2\/posts\/38903","targetHints":{"allow":["GET"]}}],"collection":[{"href":"https:\/\/dekkbi.com\/index.php?rest_route=\/wp\/v2\/posts"}],"about":[{"href":"https:\/\/dekkbi.com\/index.php?rest_route=\/wp\/v2\/types\/post"}],"author":[{"embeddable":true,"href":"https:\/\/dekkbi.com\/index.php?rest_route=\/wp\/v2\/users\/1"}],"replies":[{"embeddable":true,"href":"https:\/\/dekkbi.com\/index.php?rest_route=%2Fwp%2Fv2%2Fcomments&post=38903"}],"version-history":[{"count":2,"href":"https:\/\/dekkbi.com\/index.php?rest_route=\/wp\/v2\/posts\/38903\/revisions"}],"predecessor-version":[{"id":38920,"href":"https:\/\/dekkbi.com\/index.php?rest_route=\/wp\/v2\/posts\/38903\/revisions\/38920"}],"wp:featuredmedia":[{"embeddable":true,"href":"https:\/\/dekkbi.com\/index.php?rest_route=\/wp\/v2\/media\/38904"}],"wp:attachment":[{"href":"https:\/\/dekkbi.com\/index.php?rest_route=%2Fwp%2Fv2%2Fmedia&parent=38903"}],"wp:term":[{"taxonomy":"category","embeddable":true,"href":"https:\/\/dekkbi.com\/index.php?rest_route=%2Fwp%2Fv2%2Fcategories&post=38903"},{"taxonomy":"post_tag","embeddable":true,"href":"https:\/\/dekkbi.com\/index.php?rest_route=%2Fwp%2Fv2%2Ftags&post=38903"}],"curies":[{"name":"wp","href":"https:\/\/api.w.org\/{rel}","templated":true}]}}