{"id":38898,"date":"2024-07-23T11:17:34","date_gmt":"2024-07-23T11:17:34","guid":{"rendered":"https:\/\/dekkbi.com\/?p=38898"},"modified":"2024-07-23T11:17:34","modified_gmt":"2024-07-23T11:17:34","slug":"dpg-de-sonko-les-derniers-reglages","status":"publish","type":"post","link":"https:\/\/dekkbi.com\/?p=38898","title":{"rendered":"DPG de Sonko : les derniers r\u00e9glages"},"content":{"rendered":"\n<p>iGFM &#8211; (Dakar) Les travaux pour la r\u00e9forme du r\u00e8glement int\u00e9rieur de l\u2019Assembl\u00e9e nationale s\u2019ach\u00e8vent aujourd\u2019hui. Selon Enqu\u00eate, qui donne l\u2019information, des d\u00e9put\u00e9s issus des groupes parlementaires (Benno, Yewwi et Wallu), en conclave depuis lundi pour deux jours \u00e0 Saly, discutent des contours des modifications des textes du Parlement.&nbsp;<\/p>\n\n\n\n<p>\u00ab Les travaux avancent et se d\u00e9roulent dans une ambiance constructive \u00bb soufflent des sources du quotidien d\u2019information. Un parlementaire, interrog\u00e9 par le journal, va plus loin : \u00ab Nous travaillons. Vous aurez bient\u00f4t les r\u00e9sultats de nos travaux. \u00bb<\/p>\n\n\n\n<p>Cette r\u00e9forme devra aboutir \u00e0 la D\u00e9claration de politique g\u00e9n\u00e9rale (DPG) du Premier ministre Ousmane Sonko apr\u00e8s la lev\u00e9e du point d\u2019achoppement.<\/p>\n","protected":false},"excerpt":{"rendered":"<p>iGFM &#8211; (Dakar) Les travaux pour la r\u00e9forme du r\u00e8glement int\u00e9rieur de l\u2019Assembl\u00e9e nationale s\u2019ach\u00e8vent aujourd\u2019hui. Selon Enqu\u00eate, qui donne<\/p>\n","protected":false},"author":1,"featured_media":38332,"comment_status":"open","ping_status":"open","sticky":false,"template":"","format":"standard","meta":{"footnotes":""},"categories":[6],"tags":[],"class_list":["post-38898","post","type-post","status-publish","format-standard","has-post-thumbnail","hentry","category-politics"],"_links":{"self":[{"href":"https:\/\/dekkbi.com\/index.php?rest_route=\/wp\/v2\/posts\/38898","targetHints":{"allow":["GET"]}}],"collection":[{"href":"https:\/\/dekkbi.com\/index.php?rest_route=\/wp\/v2\/posts"}],"about":[{"href":"https:\/\/dekkbi.com\/index.php?rest_route=\/wp\/v2\/types\/post"}],"author":[{"embeddable":true,"href":"https:\/\/dekkbi.com\/index.php?rest_route=\/wp\/v2\/users\/1"}],"replies":[{"embeddable":true,"href":"https:\/\/dekkbi.com\/index.php?rest_route=%2Fwp%2Fv2%2Fcomments&post=38898"}],"version-history":[{"count":1,"href":"https:\/\/dekkbi.com\/index.php?rest_route=\/wp\/v2\/posts\/38898\/revisions"}],"predecessor-version":[{"id":38899,"href":"https:\/\/dekkbi.com\/index.php?rest_route=\/wp\/v2\/posts\/38898\/revisions\/38899"}],"wp:featuredmedia":[{"embeddable":true,"href":"https:\/\/dekkbi.com\/index.php?rest_route=\/wp\/v2\/media\/38332"}],"wp:attachment":[{"href":"https:\/\/dekkbi.com\/index.php?rest_route=%2Fwp%2Fv2%2Fmedia&parent=38898"}],"wp:term":[{"taxonomy":"category","embeddable":true,"href":"https:\/\/dekkbi.com\/index.php?rest_route=%2Fwp%2Fv2%2Fcategories&post=38898"},{"taxonomy":"post_tag","embeddable":true,"href":"https:\/\/dekkbi.com\/index.php?rest_route=%2Fwp%2Fv2%2Ftags&post=38898"}],"curies":[{"name":"wp","href":"https:\/\/api.w.org\/{rel}","templated":true}]}}