{"id":38890,"date":"2024-07-23T11:09:07","date_gmt":"2024-07-23T11:09:07","guid":{"rendered":"https:\/\/dekkbi.com\/?p=38890"},"modified":"2024-07-23T11:09:08","modified_gmt":"2024-07-23T11:09:08","slug":"mercato-premiere-offre-refusee-pour-ismaila-sarr","status":"publish","type":"post","link":"https:\/\/dekkbi.com\/?p=38890","title":{"rendered":"Mercato : Premi\u00e8re offre refus\u00e9e pour Isma\u00efla Sarr"},"content":{"rendered":"\n<p>Premi\u00e8re avanc\u00e9e dans le dossier Isma\u00efla Sarr. Selon Fabrizio Romano, \u2018de d\u00e9part de Crystal Palace pour l\u2019international s\u00e9n\u00e9galais a \u00e9t\u00e9 rejet\u00e9e. L\u2019Olympique de Marseille en demanderait bien plus pour c\u00e9der son attaquant durant ce mercato estival. Le montant de l\u2019indemnit\u00e9 propos\u00e9e n\u2019a pas \u00e9t\u00e9 communiqu\u00e9.<\/p>\n\n\n\n<p>De son c\u00f4t\u00e9, l\u2019ancien de Watford ne serait pas oppos\u00e9 \u00e0 un retour en Premier League. Bien au contraire, cette perspective l\u2019int\u00e9resserait au plus haut point. Un accord contractuel serait imminent entre Sarr et la formation anglaise. Villarreal, un temps int\u00e9ress\u00e9 par ses services, aurait l\u00e2ch\u00e9 l\u2019affaire.<\/p>\n\n\n\n<p>SOURCE LEQUOTIDIEN<\/p>\n","protected":false},"excerpt":{"rendered":"<p>Premi\u00e8re avanc\u00e9e dans le dossier Isma\u00efla Sarr. Selon Fabrizio Romano, \u2018de d\u00e9part de Crystal Palace pour l\u2019international s\u00e9n\u00e9galais a \u00e9t\u00e9<\/p>\n","protected":false},"author":1,"featured_media":24795,"comment_status":"open","ping_status":"open","sticky":false,"template":"","format":"standard","meta":{"footnotes":""},"categories":[9],"tags":[],"class_list":["post-38890","post","type-post","status-publish","format-standard","has-post-thumbnail","hentry","category-sports"],"_links":{"self":[{"href":"https:\/\/dekkbi.com\/index.php?rest_route=\/wp\/v2\/posts\/38890","targetHints":{"allow":["GET"]}}],"collection":[{"href":"https:\/\/dekkbi.com\/index.php?rest_route=\/wp\/v2\/posts"}],"about":[{"href":"https:\/\/dekkbi.com\/index.php?rest_route=\/wp\/v2\/types\/post"}],"author":[{"embeddable":true,"href":"https:\/\/dekkbi.com\/index.php?rest_route=\/wp\/v2\/users\/1"}],"replies":[{"embeddable":true,"href":"https:\/\/dekkbi.com\/index.php?rest_route=%2Fwp%2Fv2%2Fcomments&post=38890"}],"version-history":[{"count":1,"href":"https:\/\/dekkbi.com\/index.php?rest_route=\/wp\/v2\/posts\/38890\/revisions"}],"predecessor-version":[{"id":38891,"href":"https:\/\/dekkbi.com\/index.php?rest_route=\/wp\/v2\/posts\/38890\/revisions\/38891"}],"wp:featuredmedia":[{"embeddable":true,"href":"https:\/\/dekkbi.com\/index.php?rest_route=\/wp\/v2\/media\/24795"}],"wp:attachment":[{"href":"https:\/\/dekkbi.com\/index.php?rest_route=%2Fwp%2Fv2%2Fmedia&parent=38890"}],"wp:term":[{"taxonomy":"category","embeddable":true,"href":"https:\/\/dekkbi.com\/index.php?rest_route=%2Fwp%2Fv2%2Fcategories&post=38890"},{"taxonomy":"post_tag","embeddable":true,"href":"https:\/\/dekkbi.com\/index.php?rest_route=%2Fwp%2Fv2%2Ftags&post=38890"}],"curies":[{"name":"wp","href":"https:\/\/api.w.org\/{rel}","templated":true}]}}