{"id":3888,"date":"2022-11-25T09:56:10","date_gmt":"2022-11-25T09:56:10","guid":{"rendered":"https:\/\/dekkbi.com\/?p=3888"},"modified":"2022-11-25T09:56:12","modified_gmt":"2022-11-25T09:56:12","slug":"rdc-mali-tchad-burkina-ces-crises-africaines-qui-preoccupent-loif","status":"publish","type":"post","link":"https:\/\/dekkbi.com\/?p=3888","title":{"rendered":"RDC, Mali, Tchad, Burkina\u2026 ces crises africaines qui pr\u00e9occupent l\u2019OIF"},"content":{"rendered":"\n<p><strong>C\u2019est un document que l\u2019Organisation internationale de la Francophonie (OIF) souhaite pour l\u2019instant garder confidentiel\u00a0: la R\u00e9solution sur les situations de crise, de sortie de crise et de consolidation de la paix dans l\u2019espace francophone. Adopt\u00e9 \u00e0 l\u2019issue du 18e\u00a0Sommet de la Francophonie, organis\u00e9 les 19 et 20 novembre \u00e0 Djerba en Tunisie, le texte \u00e9voque les\u00a0diff\u00e9rentes crises et conflits qui pr\u00e9occupent la Francophonie.\u00a0En exclusivit\u00e9 pour RFI, Cl\u00e9mentine Pawlotsky, du service Afrique, a pu consulter ce document de sept\u00a0pages.<\/strong><\/p>\n\n\n\n<p>Parmi les th\u00e9\u00e2tres de crise \u00e9voqu\u00e9s dans ce document&nbsp;: l\u2019Est de la R\u00e9publique d\u00e9mocratique du Congo. Les \u00c9tats-membres de la Francophonie condamnent \u00ab&nbsp;<em>la recrudescence des violences commises contre les civils, les institutions et la Monusco\u2026 par le M23\u2026 et les nombreux groupes arm\u00e9s qui y demeurent actifs depuis plusieurs ann\u00e9es<\/em>&nbsp;\u00bb. Ils condamnent \u00e9galement \u00ab&nbsp;<em>avec force tout soutien apport\u00e9 \u00e0 ces groupes<\/em>&nbsp;\u00bb, sans toutefois mentionner aucune entit\u00e9 ou pays, et rappellent que ces violences \u00ab&nbsp;<em>affectent en premier lieu les femmes et les enfants<\/em>&nbsp;\u00bb.<\/p>\n\n\n\n<h2 class=\"wp-block-heading\">L&rsquo;OIF pointe entre autres la responsabilit\u00e9 des Fama&nbsp;au Mali&nbsp;<\/h2>\n\n\n\n<p>Autre pays qui pr\u00e9occupe la Francophonie\u00a0: le Mali, sujet \u00e0 deux coups d\u2019\u00c9tat condamn\u00e9s par l\u2019OIF, celui du 18 ao\u00fbt 2020 et celui du 24 mai 2021. Les \u00c9tats-membres se disent pr\u00e9occup\u00e9s \u00ab<em>\u00a0face \u00e0 la\u00a0<strong>d\u00e9t\u00e9rioration rapide<\/strong>\u00a0de la situation s\u00e9curitaire\u00a0<\/em>\u00bb. Ils pointent une \u00ab\u00a0<em>hausse significative des violations et atteintes aux droits de l\u2019Homme\u00a0<\/em>\u00bb et d\u00e9plorent \u00ab\u00a0<em>la multiplication des exactions commises \u00e0 l\u2019encontre des populations civiles par<\/em>\u00a0<em>tous les groupes et forces arm\u00e9s en pr\u00e9sence, notamment par les groupes extr\u00e9mistes arm\u00e9s et par les forces de d\u00e9fense et de s\u00e9curit\u00e9 maliennes accompagn\u00e9es de personnel militaire \u00e9tranger\u00a0<\/em>\u00bb, le tout dans un contexte d\u2019\u00ab<em>\u00a0impunit\u00e9 persistante<\/em>\u00a0\u00bb. \u00a0<\/p>\n\n\n\n<p>La r\u00e9solution revient \u00e9galement sur\u00a0<strong>le \u00ab\u00a0jeudi noir\u00a0\u00bb au Tchad<\/strong>. Les \u00c9tats-membres de la Francophonie condamnent \u00ab\u00a0<em>fermement l\u2019usage disproportionn\u00e9 de la force contre les civils lors des manifestations<\/em>\u00a0\u00bb du 20 octobre dernier.<\/p>\n\n\n\n<p>Il est aussi question du coup d\u2019\u00c9tat militaire du 24 janvier 2022 au Burkina Faso et de \u00ab<em>&nbsp;la nouvelle prise de pouvoir par la force, perp\u00e9tr\u00e9e le 30 septembre 2022 par une partie de l\u2019arm\u00e9e&nbsp;<\/em>\u00bb. Sur ce point, la Francophonie exhorte \u00ab<em>&nbsp;les autorit\u00e9s de transition \u00e0 tout mettre en \u0153uvre pour cr\u00e9er les conditions d\u2019un retour rapide \u00e0 l\u2019ordre constitutionnel et d\u00e9mocratique dans un d\u00e9lai maximal de 24 mois \u00e0 partir du 1er juillet 2022&nbsp;<\/em>\u00bb.<\/p>\n\n\n\n<h2 class=\"wp-block-heading\">La situation en Guin\u00e9e \u00e9voqu\u00e9e<\/h2>\n\n\n\n<p>Enfin, Le document ne manque pas non plus d\u2019\u00e9voquer le putsch du 5 septembre 2021, men\u00e9 en Guin\u00e9e, par les officiers du CNRD. La Francophonie d\u00e9plore, par ailleurs, \u00ab&nbsp;<em>l\u2019arrestation de personnalit\u00e9s politiques et de la soci\u00e9t\u00e9 civile ces derni\u00e8res semaines, ainsi que les violences ayant eu lieu lors de manifestations&nbsp;<\/em>\u00bb.<\/p>\n\n\n\n<p>Dans ce document, l\u2019OIF r\u00e9affirme son attachement aux \u00ab\u00a0<em>valeurs de paix et de solidarit\u00e9\u00a0<\/em>\u00bb et aux \u00ab\u00a0<em>droits et libert\u00e9s fondamentaux<\/em>\u00a0\u00bb. L\u2019organisation rappelle \u00e9galement ses engagements \u00ab\u00a0<em>\u00e0 tout mettre en \u0153uvre pour pr\u00e9venir les situations de crises et de conflits [\u2026]<\/em>\u00a0<em>\u00e0 faciliter leur r\u00e8glement pacifique\u00a0<\/em>\u00bb ou encore \u00ab\u00a0<em>\u00e0 respecter les droits de l\u2019homme, conditions essentielles \u00e0 l\u2019am\u00e9lioration de la paix et de la s\u00e9curit\u00e9 au sein de l\u2019espace francophone<\/em>\u00a0\u00bb.<\/p>\n","protected":false},"excerpt":{"rendered":"<p>C\u2019est un document que l\u2019Organisation internationale de la Francophonie (OIF) souhaite pour l\u2019instant garder confidentiel\u00a0: la R\u00e9solution sur les situations<\/p>\n","protected":false},"author":1,"featured_media":3889,"comment_status":"open","ping_status":"open","sticky":false,"template":"","format":"standard","meta":{"footnotes":""},"categories":[6],"tags":[],"class_list":["post-3888","post","type-post","status-publish","format-standard","has-post-thumbnail","hentry","category-politics"],"_links":{"self":[{"href":"https:\/\/dekkbi.com\/index.php?rest_route=\/wp\/v2\/posts\/3888","targetHints":{"allow":["GET"]}}],"collection":[{"href":"https:\/\/dekkbi.com\/index.php?rest_route=\/wp\/v2\/posts"}],"about":[{"href":"https:\/\/dekkbi.com\/index.php?rest_route=\/wp\/v2\/types\/post"}],"author":[{"embeddable":true,"href":"https:\/\/dekkbi.com\/index.php?rest_route=\/wp\/v2\/users\/1"}],"replies":[{"embeddable":true,"href":"https:\/\/dekkbi.com\/index.php?rest_route=%2Fwp%2Fv2%2Fcomments&post=3888"}],"version-history":[{"count":1,"href":"https:\/\/dekkbi.com\/index.php?rest_route=\/wp\/v2\/posts\/3888\/revisions"}],"predecessor-version":[{"id":3890,"href":"https:\/\/dekkbi.com\/index.php?rest_route=\/wp\/v2\/posts\/3888\/revisions\/3890"}],"wp:featuredmedia":[{"embeddable":true,"href":"https:\/\/dekkbi.com\/index.php?rest_route=\/wp\/v2\/media\/3889"}],"wp:attachment":[{"href":"https:\/\/dekkbi.com\/index.php?rest_route=%2Fwp%2Fv2%2Fmedia&parent=3888"}],"wp:term":[{"taxonomy":"category","embeddable":true,"href":"https:\/\/dekkbi.com\/index.php?rest_route=%2Fwp%2Fv2%2Fcategories&post=3888"},{"taxonomy":"post_tag","embeddable":true,"href":"https:\/\/dekkbi.com\/index.php?rest_route=%2Fwp%2Fv2%2Ftags&post=3888"}],"curies":[{"name":"wp","href":"https:\/\/api.w.org\/{rel}","templated":true}]}}