{"id":38835,"date":"2024-07-21T10:45:59","date_gmt":"2024-07-21T10:45:59","guid":{"rendered":"https:\/\/dekkbi.com\/?p=38835"},"modified":"2024-07-21T10:46:00","modified_gmt":"2024-07-21T10:46:00","slug":"bangladesh-la-justice-supprime-la-plupart-des-quotas-demplois-a-lorigine-des-manifestations","status":"publish","type":"post","link":"https:\/\/dekkbi.com\/?p=38835","title":{"rendered":"Bangladesh: la justice supprime la plupart des quotas d&#8217;emplois \u00e0 l&rsquo;origine des manifestations"},"content":{"rendered":"\n<p>Voil\u00e0 presque une semaine que le Bangladesh compte chaque jour ses morts et ses bless\u00e9s alors qu\u2019un soul\u00e8vement sans pr\u00e9c\u00e9dent a lieu contre la Premi\u00e8re ministre Sheikh Hasina. En annon\u00e7ant des quotas d\u2019emplois per\u00e7us comme des privil\u00e8ges, cette derni\u00e8re a fait descendre la jeunesse puis toute la population dans la rue. <\/p>\n\n\n\n<p>La Cour Supr\u00eame, la plus haute juridiction du pays, a statu\u00e9 ce dimanche 21 juillet en supprimant 93 % des quotas d&#8217;emplois. Une mesure qui pourrait ne pas apaiser les tensions.<\/p>\n\n\n\n<p>Au Bangladesh, ce qui a commenc\u00e9 comme une protestation contre des quotas d&rsquo;admission pour des emplois gouvernementaux tr\u00e8s pris\u00e9s a conduit cette semaine aux pires violences sous le mandat de la Premi\u00e8re ministre Sheikh Hasina, au pouvoir depuis 15 ans. Selon les manifestants, ces quotas profitent au pouvoir en place.<\/p>\n\n\n\n<p>Depuis mardi 16 juillet, au moins 151 personnes, dont plusieurs policiers, ont \u00e9t\u00e9 tu\u00e9es dans des affrontements \u00e0 travers le pays, selon un d\u00e9compte r\u00e9alis\u00e9 par l&rsquo;AFP \u00e0 partir de donn\u00e9es de sources polici\u00e8res et hospitali\u00e8res. Les manifestants continuent un peu partout \u00e0 d\u00e9fier la police, en d\u00e9pit de l\u2019instauration d&rsquo;un couvre-feu et de la fermeture des universit\u00e9s, o\u00f9 le mouvement a d\u00e9but\u00e9.<\/p>\n\n\n\n<p>Ce dimanche a \u00e9t\u00e9 une journ\u00e9e d\u00e9cisive puisque la Cour supr\u00eame, la plus haute juridiction du pays, a statu\u00e9 sur ces quotas controvers\u00e9s en les baissant fortement, sans l&rsquo;abolir compl\u00e8tement. L&rsquo;instance a d\u00e9cid\u00e9 que 93 % des emplois de la fonction publique devaient \u00eatre ouverts aux candidats en vertu du m\u00e9rite, sans quotas.<\/p>\n\n\n\n<p>\u00ab La Cour supr\u00eame a d\u00e9clar\u00e9 que le verdict de la Haute Cour \u00e9tait ill\u00e9gal \u00bb, a d\u00e9clar\u00e9 le procureur g\u00e9n\u00e9ral A.M. Amin Uddin. Il a pr\u00e9cis\u00e9 que 5 % des emplois de la fonction publique resteraient r\u00e9serv\u00e9s aux enfants des v\u00e9t\u00e9rans de la guerre d&rsquo;ind\u00e9pendance et 2 % aux autres cat\u00e9gories. Le procureur g\u00e9n\u00e9ral A.M.<\/p>\n\n\n\n<p> Amin Uddin a fait r\u00e9f\u00e9rence \u00e0 une d\u00e9cision ant\u00e9rieure qui avait r\u00e9introduit les quotas. Car le gouvernement du Premier ministre Sheikh Hasina avait abandonn\u00e9 le syst\u00e8me de quotas en 2018, mais un tribunal l&rsquo;a r\u00e9tabli le mois dernier, d\u00e9clenchant une vague de protestations r\u00e9prim\u00e9e par le gouvernement.La d\u00e9cision th\u00e9oriquement ind\u00e9pendante de la Cour Supr\u00eame pourrait bien \u00eatre un geste de la Premi\u00e8re ministre pour calmer les esprits, tout en sauvant la face.<\/p>\n\n\n\n<p> Les quotas ne sont d\u2019ailleurs pas supprim\u00e9s, mais r\u00e9duits, car il faut aussi satisfaire les loyalistes de son r\u00e9gime qui en b\u00e9n\u00e9ficient, rapporte notre correspondant \u00e0 Bangalore, C\u00f4me Bastin. La Cour supr\u00eame a \u00e9galement exhort\u00e9 dimanche les \u00e9tudiants \u00e0 \u00ab retourner en classe \u00bb apr\u00e8s les violences, a d\u00e9clar\u00e9 Shah Monjurul Hoque, un avocat qui repr\u00e9sentait deux \u00e9tudiants dans une affaire visant \u00e0 abolir le syst\u00e8me de quotas.<\/p>\n\n\n\n<p>Le principal groupe d&rsquo;\u00e9tudiants a affich\u00e9 dans la foul\u00e9e son intention de poursuivre le mouvement pour d\u00e9noncer les quotas de recrutement dans la fonction publique malgr\u00e9 l&rsquo;assouplissement du syst\u00e8me annonc\u00e9 par la Cour supr\u00eame. \u00ab Nous n&rsquo;arr\u00eaterons pas nos manifestations tant que le gouvernement n&rsquo;aura pas pris une d\u00e9cision prenant en compte nos demandes \u00bb, a d\u00e9clar\u00e9 un porte-parole de l&rsquo;associaion \u00ab Students Against Discrimination \u00bb, sous couvert d&rsquo;anonymat.<\/p>\n\n\n\n<p>SOURCE RFI<\/p>\n","protected":false},"excerpt":{"rendered":"<p>Voil\u00e0 presque une semaine que le Bangladesh compte chaque jour ses morts et ses bless\u00e9s alors qu\u2019un soul\u00e8vement sans pr\u00e9c\u00e9dent<\/p>\n","protected":false},"author":1,"featured_media":38836,"comment_status":"open","ping_status":"open","sticky":false,"template":"","format":"standard","meta":{"footnotes":""},"categories":[51],"tags":[],"class_list":["post-38835","post","type-post","status-publish","format-standard","has-post-thumbnail","hentry","category-general"],"_links":{"self":[{"href":"https:\/\/dekkbi.com\/index.php?rest_route=\/wp\/v2\/posts\/38835","targetHints":{"allow":["GET"]}}],"collection":[{"href":"https:\/\/dekkbi.com\/index.php?rest_route=\/wp\/v2\/posts"}],"about":[{"href":"https:\/\/dekkbi.com\/index.php?rest_route=\/wp\/v2\/types\/post"}],"author":[{"embeddable":true,"href":"https:\/\/dekkbi.com\/index.php?rest_route=\/wp\/v2\/users\/1"}],"replies":[{"embeddable":true,"href":"https:\/\/dekkbi.com\/index.php?rest_route=%2Fwp%2Fv2%2Fcomments&post=38835"}],"version-history":[{"count":1,"href":"https:\/\/dekkbi.com\/index.php?rest_route=\/wp\/v2\/posts\/38835\/revisions"}],"predecessor-version":[{"id":38837,"href":"https:\/\/dekkbi.com\/index.php?rest_route=\/wp\/v2\/posts\/38835\/revisions\/38837"}],"wp:featuredmedia":[{"embeddable":true,"href":"https:\/\/dekkbi.com\/index.php?rest_route=\/wp\/v2\/media\/38836"}],"wp:attachment":[{"href":"https:\/\/dekkbi.com\/index.php?rest_route=%2Fwp%2Fv2%2Fmedia&parent=38835"}],"wp:term":[{"taxonomy":"category","embeddable":true,"href":"https:\/\/dekkbi.com\/index.php?rest_route=%2Fwp%2Fv2%2Fcategories&post=38835"},{"taxonomy":"post_tag","embeddable":true,"href":"https:\/\/dekkbi.com\/index.php?rest_route=%2Fwp%2Fv2%2Ftags&post=38835"}],"curies":[{"name":"wp","href":"https:\/\/api.w.org\/{rel}","templated":true}]}}