{"id":38830,"date":"2024-07-21T10:30:49","date_gmt":"2024-07-21T10:30:49","guid":{"rendered":"https:\/\/dekkbi.com\/?p=38830"},"modified":"2024-07-21T10:30:50","modified_gmt":"2024-07-21T10:30:50","slug":"paris-2024-les-jo-sont-absolument-politiques-la-treve-olympique-un-ideal-qui-nen-a-que-le-nom","status":"publish","type":"post","link":"https:\/\/dekkbi.com\/?p=38830","title":{"rendered":"Paris 2024 : \u00ab\u00a0Les JO sont absolument politiques\u00a0\u00bb&#8230; La tr\u00eave olympique, un id\u00e9al qui n&rsquo;en a que le nom ?"},"content":{"rendered":"\n<p>La tr\u00eave olympique d\u00e9bute vendredi, un symbole qui rel\u00e8ve plus de l&rsquo;id\u00e9al que de la mesure concr\u00e8te depuis son instauration en 1993.<\/p>\n\n\n\n<p>Fin novembre 2023, Assembl\u00e9e g\u00e9n\u00e9rale de l&rsquo;Organisation des nations unies (ONU). Comme le veut la tradition, \u00e0 l&rsquo;automne qui pr\u00e9c\u00e8de une ann\u00e9e de Jeux, l&rsquo;organe adopte la tr\u00eave olympique qui entrera en vigueur peu avant le d\u00e9but des \u00e9preuves.<\/p>\n\n\n\n<p> Mais cette \u00e9dition \u00e0 New York est particuli\u00e8re. Pour la premi\u00e8re fois, la tr\u00eave n&rsquo;est pas valid\u00e9e par consensus, et il faut organiser un vote. Cent dix-huit pays se prononcent pour, deux s&rsquo;abstiennent, la Russie et la Syrie. <\/p>\n\n\n\n<p>Vecteur symbolique de paix, la tr\u00eave olympique est d\u00e9sormais un id\u00e9al bien fragilis\u00e9. Aujourd&rsquo;hui install\u00e9e parmi les traditions olympiques, la tr\u00eave a \u00e9t\u00e9 instaur\u00e9e au d\u00e9but des ann\u00e9es 90. \u00ab\u00a0Il y a eu de la part du CIO la volont\u00e9 de faire un rapprochement avec les Nations unies, et \u00e0 l&rsquo;occasion d&rsquo;une Assembl\u00e9e g\u00e9n\u00e9rale en 1993 est apparue l&rsquo;id\u00e9e d&rsquo;une r\u00e9solution pour mettre en avant cette notion de tr\u00eave sacr\u00e9e qui serait \u00e0 respecter pour chaque JO d&rsquo;\u00e9t\u00e9 et d&rsquo;hiver\u00a0\u00bb, d\u00e9crypte Sylvain Bouchet, historien sp\u00e9cialiste de l&rsquo;olympisme alors que d\u00e9bute la tr\u00eave, vendredi 19 juillet.<\/p>\n\n\n\n<p>SUITE SUR FRANCEINFO .COM<\/p>\n","protected":false},"excerpt":{"rendered":"<p>La tr\u00eave olympique d\u00e9bute vendredi, un symbole qui rel\u00e8ve plus de l&rsquo;id\u00e9al que de la mesure concr\u00e8te depuis son instauration<\/p>\n","protected":false},"author":1,"featured_media":38831,"comment_status":"open","ping_status":"open","sticky":false,"template":"","format":"standard","meta":{"footnotes":""},"categories":[9],"tags":[],"class_list":["post-38830","post","type-post","status-publish","format-standard","has-post-thumbnail","hentry","category-sports"],"_links":{"self":[{"href":"https:\/\/dekkbi.com\/index.php?rest_route=\/wp\/v2\/posts\/38830","targetHints":{"allow":["GET"]}}],"collection":[{"href":"https:\/\/dekkbi.com\/index.php?rest_route=\/wp\/v2\/posts"}],"about":[{"href":"https:\/\/dekkbi.com\/index.php?rest_route=\/wp\/v2\/types\/post"}],"author":[{"embeddable":true,"href":"https:\/\/dekkbi.com\/index.php?rest_route=\/wp\/v2\/users\/1"}],"replies":[{"embeddable":true,"href":"https:\/\/dekkbi.com\/index.php?rest_route=%2Fwp%2Fv2%2Fcomments&post=38830"}],"version-history":[{"count":1,"href":"https:\/\/dekkbi.com\/index.php?rest_route=\/wp\/v2\/posts\/38830\/revisions"}],"predecessor-version":[{"id":38832,"href":"https:\/\/dekkbi.com\/index.php?rest_route=\/wp\/v2\/posts\/38830\/revisions\/38832"}],"wp:featuredmedia":[{"embeddable":true,"href":"https:\/\/dekkbi.com\/index.php?rest_route=\/wp\/v2\/media\/38831"}],"wp:attachment":[{"href":"https:\/\/dekkbi.com\/index.php?rest_route=%2Fwp%2Fv2%2Fmedia&parent=38830"}],"wp:term":[{"taxonomy":"category","embeddable":true,"href":"https:\/\/dekkbi.com\/index.php?rest_route=%2Fwp%2Fv2%2Fcategories&post=38830"},{"taxonomy":"post_tag","embeddable":true,"href":"https:\/\/dekkbi.com\/index.php?rest_route=%2Fwp%2Fv2%2Ftags&post=38830"}],"curies":[{"name":"wp","href":"https:\/\/api.w.org\/{rel}","templated":true}]}}