{"id":38816,"date":"2024-07-21T10:03:20","date_gmt":"2024-07-21T10:03:20","guid":{"rendered":"https:\/\/dekkbi.com\/?p=38816"},"modified":"2024-07-21T10:03:21","modified_gmt":"2024-07-21T10:03:21","slug":"la-premiere-edition-du-colloque-mondial-de-la-tijjaaniya-prevue-du-13-au-15-decembre-prochain-comite-dorganisation","status":"publish","type":"post","link":"https:\/\/dekkbi.com\/?p=38816","title":{"rendered":"La premi\u00e8re \u00e9dition du colloque mondial de la Tijjaaniya, pr\u00e9vue du 13 au 15 d\u00e9cembre prochain (comit\u00e9 d\u2019organisation)"},"content":{"rendered":"\n<p>(APS) \u2013 Le premi\u00e8re \u00e9dition du colloque mondial de la Tijjaaniya, se tiendra \u00e0 Dakar du 13 au 15 d\u00e9cembre prochain, a-t-on appris samedi du pr\u00e9sident du comit\u00e9  d\u2019organisation de cet \u00e9v\u00e9nement, Dr Ciss\u00e9 Kane.<\/p>\n\n\n\n<p>\u201dCe sera un moment de c\u00e9l\u00e9bration unique qui n\u2019a jamais eu lieu au S\u00e9n\u00e9gal. Et nous avons l\u2019ambition de r\u00e9unir ici tous les pays o\u00f9 la Tijjaaniya est puissante mais aussi d\u2019associer toutes les familles religieuses\u201d, a d\u00e9clar\u00e9 M. Kane, lors d\u2019une conf\u00e9rence de presse.<\/p>\n\n\n\n<p>Il a indiqu\u00e9 qu\u2019une quarantaine de pays se sont d\u00e9j\u00e0 inscrits pour participer \u00e0 ce colloque mondial dont le th\u00e8me principal est : \u201dL\u2019Islam soufi face aux d\u00e9fis contemporains\u2019\u2019.<\/p>\n\n\n\n<p>\u201dNous attendons au moins, cinquante-mille participants en provenance de pays o\u00f9 la Tijjaaniya est puissante et comptons associer toutes les autres confr\u00e9ries soufies ou encore tous les musulmans \u00e0 cet \u00e9v\u00e8nement mondial \u201d, a-t-il fait valoir.<\/p>\n\n\n\n<p>Dr Ciss\u00e9 Kane a soulign\u00e9 que l\u2019objectif du comit\u00e9 d\u2019organisation est de faire de ce colloque mondial, une r\u00e9ussite et un moment de c\u00e9l\u00e9bration unique qui n\u2019a jamais eu lieu au S\u00e9n\u00e9gal, gr\u00e2ce \u00e0 une participation de la cr\u00e8me intellectuelle et toutes les familles religieuses.\u2018<\/p>\n\n\n\n<p>\u2019Il s\u2019agira de regrouper tous les fid\u00e8les musulmans de la Tijjaaniya d\u2019ici et d\u2019ailleurs, le tout, dans un \u00e9lan d\u2019unit\u00e9 et d\u2019universalit\u00e9, afin qu\u2019ils apportent leurs contributions aux diverses crises auxquelles l\u2019humanit\u00e9 fait face aujourd\u2019hui\u201d, a pour sa part indiqu\u00e9, le professeur Abdou Aziz K\u00e9b\u00e9.<\/p>\n\n\n\n<p>Ibnou Gaye, membre du comit\u00e9 scientifique, a de son c\u00f4t\u00e9 soulign\u00e9 qu\u2019il souhaite que \u2018\u2019ce rendez-vous soit une petite semaine o\u00f9 la Tijjaaniya va mener les choses avec tous les autres fr\u00e8res et toutes les autres sensibilit\u00e9s dans un mouvement global de recherche de solutions\u2019\u2019.<\/p>\n\n\n\n<p>Des panels de haut niveau abordant des sujets d\u2019actualit\u00e9 tels que l\u2019\u00e9ducation, la paix, la s\u00e9curit\u00e9 internationale, la finance islamique, l\u2019environnement et le tourisme religieux, seront anim\u00e9s par d\u2019imminents chercheurs et sp\u00e9cialistes en la mati\u00e8re, lors de ce colloque mondial, selon le comit\u00e9 d\u2019organisation.<\/p>\n","protected":false},"excerpt":{"rendered":"<p>(APS) \u2013 Le premi\u00e8re \u00e9dition du colloque mondial de la Tijjaaniya, se tiendra \u00e0 Dakar du 13 au 15 d\u00e9cembre<\/p>\n","protected":false},"author":1,"featured_media":38817,"comment_status":"open","ping_status":"open","sticky":false,"template":"","format":"standard","meta":{"footnotes":""},"categories":[21],"tags":[],"class_list":["post-38816","post","type-post","status-publish","format-standard","has-post-thumbnail","hentry","category-societe"],"_links":{"self":[{"href":"https:\/\/dekkbi.com\/index.php?rest_route=\/wp\/v2\/posts\/38816","targetHints":{"allow":["GET"]}}],"collection":[{"href":"https:\/\/dekkbi.com\/index.php?rest_route=\/wp\/v2\/posts"}],"about":[{"href":"https:\/\/dekkbi.com\/index.php?rest_route=\/wp\/v2\/types\/post"}],"author":[{"embeddable":true,"href":"https:\/\/dekkbi.com\/index.php?rest_route=\/wp\/v2\/users\/1"}],"replies":[{"embeddable":true,"href":"https:\/\/dekkbi.com\/index.php?rest_route=%2Fwp%2Fv2%2Fcomments&post=38816"}],"version-history":[{"count":1,"href":"https:\/\/dekkbi.com\/index.php?rest_route=\/wp\/v2\/posts\/38816\/revisions"}],"predecessor-version":[{"id":38818,"href":"https:\/\/dekkbi.com\/index.php?rest_route=\/wp\/v2\/posts\/38816\/revisions\/38818"}],"wp:featuredmedia":[{"embeddable":true,"href":"https:\/\/dekkbi.com\/index.php?rest_route=\/wp\/v2\/media\/38817"}],"wp:attachment":[{"href":"https:\/\/dekkbi.com\/index.php?rest_route=%2Fwp%2Fv2%2Fmedia&parent=38816"}],"wp:term":[{"taxonomy":"category","embeddable":true,"href":"https:\/\/dekkbi.com\/index.php?rest_route=%2Fwp%2Fv2%2Fcategories&post=38816"},{"taxonomy":"post_tag","embeddable":true,"href":"https:\/\/dekkbi.com\/index.php?rest_route=%2Fwp%2Fv2%2Ftags&post=38816"}],"curies":[{"name":"wp","href":"https:\/\/api.w.org\/{rel}","templated":true}]}}