{"id":3881,"date":"2022-11-25T09:46:09","date_gmt":"2022-11-25T09:46:09","guid":{"rendered":"https:\/\/dekkbi.com\/?p=3881"},"modified":"2022-11-25T10:20:58","modified_gmt":"2022-11-25T10:20:58","slug":"coupe-du-monde-2022-edouard-mendy-un-portier-pas-en-porte-a-faux-mais","status":"publish","type":"post","link":"https:\/\/dekkbi.com\/?p=3881","title":{"rendered":"\u00c9douard Mendy, un portier pas en porte-\u00e0-faux, mais\u2026"},"content":{"rendered":"\n<p><strong>Irr\u00e9sistible avec son club Chelsea et l\u2019\u00e9quipe du S\u00e9n\u00e9gal il y a encore quelques mois, \u00c9douard Mendy semble en difficult\u00e9 durant cette saison 2022-2023. Un manque de r\u00e9ussite qui s\u2019est mat\u00e9rialis\u00e9 lors de la d\u00e9faite s\u00e9n\u00e9galaise (2-0) face aux Pays-Bas, dans le groupe A de le Coupe du monde. Pour autant, le s\u00e9lectionneur des Lions, Aliou Ciss\u00e9, et son capitaine, Kalidou Koulibaly, affichent leur confiance envers le gardien de but, avant un match crucial face au Qatar.<\/strong><\/p>\n\n\n\n<p><em>De notre envoy\u00e9 sp\u00e9cial \u00e0 Doha,<\/em> RFI<\/p>\n\n\n\n<p>Il a quitt\u00e9 le stade Al Bayt, le visage ferm\u00e9. \u00c9douard Mendy a sans doute ressass\u00e9 ces deux buts encaiss\u00e9s par le S\u00e9n\u00e9gal lors de la d\u00e9faite 2-0 face aux Pays-Bas, dans le groupe A de la&nbsp;<strong>Coupe du monde 2022<\/strong>. Sur ces deux actions n\u00e9erlandaises, le gardien de but n\u2019a pas \u00e9t\u00e9 imp\u00e9rial. Sur le but marqu\u00e9 de la t\u00eate par Cody Gakpo, le portier a tard\u00e9 \u00e0 sortir et a \u00e9t\u00e9 nettement devanc\u00e9. Sur celui de Davy Klaassen, le pensionnaire de Chelsea a repouss\u00e9 p\u00e9niblement un premier tir de Memphis Depay.<\/p>\n\n\n\n<p>Deux actions qui illustrent le manque d\u2019efficacit\u00e9 et de r\u00e9ussite de celui qui faisait encore figure de meilleur joueur au monde ou presque, \u00e0 son poste, il y a encore quelques mois. \u00ab&nbsp;<em>\u00c9douard va bien<\/em>, jure pourtant le s\u00e9lectionneur Aliou Ciss\u00e9.&nbsp;<em>Il a un mental en acier. Bien s\u00fbr qu\u2019on a discut\u00e9 avec lui, comme on le fait avec la plupart de nos joueurs. Ses qualit\u00e9s ne sont pas en doute. C\u2019est un gar\u00e7on qui traverse des moments un peu difficiles. Mais je n\u2019ai aucun doute \u00e0 son sujet et il a enti\u00e8rement ma confiance ainsi que celle de ses co\u00e9quipiers. Et il sera sur le terrain, demain<\/em>&nbsp;\u00bb.<\/p>\n\n\n\n<p><\/p>\n\n\n\n<h2 class=\"wp-block-heading\">\u00ab&nbsp;<em>Il ne faut pas en faire une trop grande histoire<\/em>&nbsp;\u00bb<\/h2>\n\n\n\n<p>Une mani\u00e8re pour le technicien de d\u00e9samorcer une rumeur grandissante, annon\u00e7ant \u00ab&nbsp;Edou&nbsp;\u00bb (son surnom) sur le banc des rempla\u00e7ants, le 25 novembre face au Qatar, alors que de nombreux fans s\u00e9n\u00e9galais n\u2019ont pas \u00e9t\u00e9 tendres envers Mendy, sur les r\u00e9seaux sociaux. \u00ab&nbsp;<em>Il ne faut pas en faire une trop grande histoire<\/em>, r\u00e9clame Kalidou Koulibaly, le capitaine des Lions.&nbsp;<em>S\u2019il y a une d\u00e9faite, c\u2019est que toute l\u2019\u00e9quipe est fautive&nbsp;<\/em>\u00bb.<\/p>\n\n\n\n<p>L\u2019ex-joueur du Stade rennais a certes peut-\u00eatre \u00e9t\u00e9 d\u00e9stabilis\u00e9 par les nombreux changements survenus au sein de son \u00e9quipe, face aux Pays-Bas, ainsi que par les erreurs de ses partenaires. Mais depuis quelques mois, entre doutes et blessure handicapante \u00e0 un genou, celui qui est n\u00e9 en France semble avoir perdu cet \u00e9tat de flow&nbsp;<em>[1]<\/em>&nbsp;qui lui avait permis de porter Chelsea jusqu\u2019au sacre en Ligue des champions et le S\u00e9n\u00e9gal jusqu\u2019\u00e0 celui \u00e0 la CAN 2021. \u00ab&nbsp;<em>On \u00e9change beaucoup avec \u00c9<\/em><em>douard<\/em>, poursuit Kalidou Koulibaly, qui conna\u00eet le gardien comme sa poche.&nbsp;<em>On est partenaire en club et fr\u00e8re d\u2019armes en \u00e9quipe du S\u00e9n\u00e9gal. C\u2019est un joueur tr\u00e8s important pour nous. \u00c7a arrive d\u2019avoir des moments comme \u00e7a. Je pense qu\u2019\u00c9<\/em><em>douard sait ce qu\u2019il a \u00e0 faire<\/em>&nbsp;\u00bb.<\/p>\n\n\n\n<p>Peut-il n\u00e9anmoins, en cas de nouvelle contre-performance, se retrouver dans la m\u00eame situation qu\u2019avec les Blues, o\u00f9 le coach Graham Potter lui a parfois pr\u00e9f\u00e9r\u00e9 le portier espagnol Kepa&nbsp;? \u00ab&nbsp;<em>Je ne m\u2019inqui\u00e8te pas, je sais qu\u2019\u00c9<\/em><em>douard r\u00e9alisera un grand match, demain, face au Qatar<\/em>&nbsp;\u00bb, insiste Koulibaly.<\/p>\n","protected":false},"excerpt":{"rendered":"<p>Irr\u00e9sistible avec son club Chelsea et l\u2019\u00e9quipe du S\u00e9n\u00e9gal il y a encore quelques mois, \u00c9douard Mendy semble en difficult\u00e9<\/p>\n","protected":false},"author":1,"featured_media":3882,"comment_status":"open","ping_status":"open","sticky":false,"template":"","format":"standard","meta":{"footnotes":""},"categories":[9],"tags":[],"class_list":["post-3881","post","type-post","status-publish","format-standard","has-post-thumbnail","hentry","category-sports"],"_links":{"self":[{"href":"https:\/\/dekkbi.com\/index.php?rest_route=\/wp\/v2\/posts\/3881","targetHints":{"allow":["GET"]}}],"collection":[{"href":"https:\/\/dekkbi.com\/index.php?rest_route=\/wp\/v2\/posts"}],"about":[{"href":"https:\/\/dekkbi.com\/index.php?rest_route=\/wp\/v2\/types\/post"}],"author":[{"embeddable":true,"href":"https:\/\/dekkbi.com\/index.php?rest_route=\/wp\/v2\/users\/1"}],"replies":[{"embeddable":true,"href":"https:\/\/dekkbi.com\/index.php?rest_route=%2Fwp%2Fv2%2Fcomments&post=3881"}],"version-history":[{"count":2,"href":"https:\/\/dekkbi.com\/index.php?rest_route=\/wp\/v2\/posts\/3881\/revisions"}],"predecessor-version":[{"id":3903,"href":"https:\/\/dekkbi.com\/index.php?rest_route=\/wp\/v2\/posts\/3881\/revisions\/3903"}],"wp:featuredmedia":[{"embeddable":true,"href":"https:\/\/dekkbi.com\/index.php?rest_route=\/wp\/v2\/media\/3882"}],"wp:attachment":[{"href":"https:\/\/dekkbi.com\/index.php?rest_route=%2Fwp%2Fv2%2Fmedia&parent=3881"}],"wp:term":[{"taxonomy":"category","embeddable":true,"href":"https:\/\/dekkbi.com\/index.php?rest_route=%2Fwp%2Fv2%2Fcategories&post=3881"},{"taxonomy":"post_tag","embeddable":true,"href":"https:\/\/dekkbi.com\/index.php?rest_route=%2Fwp%2Fv2%2Ftags&post=3881"}],"curies":[{"name":"wp","href":"https:\/\/api.w.org\/{rel}","templated":true}]}}