{"id":38791,"date":"2024-07-21T09:28:36","date_gmt":"2024-07-21T09:28:36","guid":{"rendered":"https:\/\/dekkbi.com\/?p=38791"},"modified":"2024-07-21T09:29:07","modified_gmt":"2024-07-21T09:29:07","slug":"conseil-special-du-pr-ministre-conseiller-focus-sur-les-choix-roles-et-criteres-de-nominations","status":"publish","type":"post","link":"https:\/\/dekkbi.com\/?p=38791","title":{"rendered":"Conseil sp\u00e9cial du PR &#8211; Ministre conseiller : Focus sur les choix, r\u00f4les et crit\u00e8res de nominations"},"content":{"rendered":"\n<p>C\u2019est bien \u00e0 travers un d\u00e9cret notifi\u00e9 \u00e0 la personne que les ministres conseillers sont nomm\u00e9s par le pr\u00e9sident de la R\u00e9publique qui a le pouvoir de designer qui il veut et \u00e0 n\u2019importe quel poste.<\/p>\n\n\n\n<p> Il n\u2019y a pas en r\u00e9alit\u00e9 , de limite pour lui en tant que pr\u00e9sident de nommer ses ministres conseillers. Mais il faut savoir qu\u2019il y a la logique, le raisonnable.Il existe trois types de ministres conseillers. <\/p>\n\n\n\n<p>Il y a d\u2019abord ceux qui sont au minist\u00e8re des affaires \u00e9trang\u00e8res qui ont un grade dans l\u2019administration diplomatique mais qui doivent travailler aupr\u00e8s d\u2019une ambassade \u00e0 l\u2019ext\u00e9rieur. Ils ne peuvent cependant pas \u00eatre ministres conseillers et rester \u00e0 Dakar. <\/p>\n\n\n\n<p>Ils ont un des grades les plus \u00e9lev\u00e9s dans l\u2019administration diplomatique et particuli\u00e8rement dans le corps des conseillers des affaires \u00e9trang\u00e8res. Le ministre, (virgule) conseiller, a le titre plein de ministre. <\/p>\n\n\n\n<p>Il d\u00e9tient tous les avantages des autres ministres nomm\u00e9s et fonctionne comme un ministre non seulement attach\u00e9 au gouvernement, mais directement au pr\u00e9sident de la r\u00e9publique. <\/p>\n\n\n\n<p>C\u2019est quelqu\u2019un \u00e0 qui le pr\u00e9sident attribue des comp\u00e9tences particuli\u00e8res dans un domaine sp\u00e9cifique. On peut d\u2019ailleurs rappeler que dans le gouvernement pr\u00e9c\u00e9dent de Macky Sall, il existait des ministres, conseillers comme Jacques Diouf, charg\u00e9 des questions agricoles, Abdou Latif Coulibaly, charg\u00e9 de la promotion de la bonne gouvernance. <\/p>\n\n\n\n<p>Seydou Gueye a aussi, \u00e9t\u00e9 ministre, conseiller charg\u00e9 de la communication de la pr\u00e9sidence de la R\u00e9publique, porte-parole du pr\u00e9sident comme l\u2019a \u00e9t\u00e9 aussi, le ministre Latif Coulibaly.<\/p>\n\n\n\n<p> Il y a aussi les ministres conseillers qui sont des conseillers sp\u00e9ciaux du pr\u00e9sident de la R\u00e9publique mais qui n\u2019ont pas de titre de ministre. Il a des avantages r\u00e9serv\u00e9s \u00e0 son grade mais n\u2019a aucunement rang de ministre. Mais il a une correspondance dans la hi\u00e9rarchie. Il est plus avantageux qu\u2019un conseiller simple. <\/p>\n\n\n\n<p>C\u2019est le d\u00e9cret du pr\u00e9sident de la R\u00e9publique mais, notifi\u00e9 \u00e0 la personne concern\u00e9e. C\u2019est la notification qui vaut publication.<\/p>\n\n\n\n<p> C\u2019est un privil\u00e8ge que le pr\u00e9sident tient de ses fonctions. Il y a des ministres qui ne sont pas membres du gouvernement notamment le ministre directeur de cabinet du pr\u00e9sident de la r\u00e9publique, le ministre secr\u00e9taire g\u00e9n\u00e9ral de la pr\u00e9sidence de la r\u00e9publique, le ministre secr\u00e9taire du gouvernement. <\/p>\n\n\n\n<p>Mais ils ont les avantages des autres ministres, les m\u00eames indemnit\u00e9s etc. En plus ils ont le privil\u00e8ge d\u2019\u00eatre admis au conseil des ministres du fait de la d\u00e9cision du pr\u00e9sident de la r\u00e9publique mais, n\u2019en font pas partie.<\/p>\n\n\n\n<p> Ils sont autoris\u00e9s \u00e0 participer au conseil des ministres car le SG du gouvernement et le Secr\u00e9taire de la pr\u00e9sidence de la r\u00e9publique, de m\u00eame que le directeur de cabinet assistent le pr\u00e9sident.<\/p>\n\n\n\n<p> Pour ces nominations, c\u2019est effectivement le pr\u00e9sident de la R\u00e9publique qui appr\u00e9cie selon ses besoins et sa politique. Il est clair qu\u2019on ne peut point reprocher au pr\u00e9sident de la R\u00e9publique de proc\u00e9der \u00e0 certaines nominations. <\/p>\n\n\n\n<p>Par contre, la rationalisation des d\u00e9penses, que le r\u00e9gime de Pastef a toujours plaid\u00e9, demeure un imp\u00e9ratif pour \u00eatre en ad\u00e9quation avec sa politique et sa vision. Le conseil sp\u00e9cial n\u2019a pas par contre, le statut du ministre, ni du ministre conseiller.<\/p>\n\n\n\n<p> C\u2019est quelqu\u2019un \u00e0 qui le pr\u00e9sident de la r\u00e9publique confie des choses qui sont particuli\u00e8res \u00e0 sa politique. C\u2019est un homme de confiance du pr\u00e9sident de la r\u00e9publique. L\u2019article 43 de la constitution dit que le pr\u00e9sident de la R\u00e9publique signe les ordonnances et les d\u00e9crets.<\/p>\n\n\n\n<p> Les ordonnances sont encadr\u00e9es par une loi d&rsquo;habilitation vot\u00e9 par l&rsquo;Assembl\u00e9e nationale et les d\u00e9crets sont les actes qui ne rel\u00e8vent pas du domaine de la loi.<\/p>\n\n\n\n<p> Techniquement il ne peut pas nommer ses conseillers sp\u00e9ciaux sans un acte r\u00e9glementaire. Cependant, d\u2019apr\u00e8s un professeur de droit administratif \u00ab les conseillers speciaux sont des membres du cabinet du pr\u00e9sident de la r\u00e9publique et sont ils sont nomm\u00e9s par un arr\u00eat\u00e9 de ce dernier \u00bb. <\/p>\n\n\n\n<p>Toutefois, le d\u00e9bat sur cette vague de nominations du pr\u00e9sident de la r\u00e9publique fait rage avec notamment les choix jug\u00e9s \u00ab parentaux \u00bb, loin de la rupture pr\u00f4n\u00e9e et des conseillers sp\u00e9ciaux du pr\u00e9sident, se poursuit notamment sur les r\u00e9seaux sociaux.<\/p>\n\n\n\n<p> Au moment o\u00f9 certains s\u2019indignent de cette \u00ab continuit\u00e9 \u00bb qui avait \u00e9t\u00e9 farouchement d\u00e9cri\u00e9e par les nouvelles autorit\u00e9s, d\u2019autres estiment que le r\u00e9gime actuel est sur la bonne voie. Rappelons que le pr\u00e9sident de la R\u00e9publique a nomm\u00e9 Hannibal Jim, Ben Taleb Sow et Abdoulaye Barro, conseillers sp\u00e9ciaux.<\/p>\n\n\n\n<p>DAKARACTU<\/p>\n","protected":false},"excerpt":{"rendered":"<p>C\u2019est bien \u00e0 travers un d\u00e9cret notifi\u00e9 \u00e0 la personne que les ministres conseillers sont nomm\u00e9s par le pr\u00e9sident de<\/p>\n","protected":false},"author":1,"featured_media":36806,"comment_status":"open","ping_status":"open","sticky":false,"template":"","format":"standard","meta":{"footnotes":""},"categories":[6],"tags":[],"class_list":["post-38791","post","type-post","status-publish","format-standard","has-post-thumbnail","hentry","category-politics"],"_links":{"self":[{"href":"https:\/\/dekkbi.com\/index.php?rest_route=\/wp\/v2\/posts\/38791","targetHints":{"allow":["GET"]}}],"collection":[{"href":"https:\/\/dekkbi.com\/index.php?rest_route=\/wp\/v2\/posts"}],"about":[{"href":"https:\/\/dekkbi.com\/index.php?rest_route=\/wp\/v2\/types\/post"}],"author":[{"embeddable":true,"href":"https:\/\/dekkbi.com\/index.php?rest_route=\/wp\/v2\/users\/1"}],"replies":[{"embeddable":true,"href":"https:\/\/dekkbi.com\/index.php?rest_route=%2Fwp%2Fv2%2Fcomments&post=38791"}],"version-history":[{"count":1,"href":"https:\/\/dekkbi.com\/index.php?rest_route=\/wp\/v2\/posts\/38791\/revisions"}],"predecessor-version":[{"id":38792,"href":"https:\/\/dekkbi.com\/index.php?rest_route=\/wp\/v2\/posts\/38791\/revisions\/38792"}],"wp:featuredmedia":[{"embeddable":true,"href":"https:\/\/dekkbi.com\/index.php?rest_route=\/wp\/v2\/media\/36806"}],"wp:attachment":[{"href":"https:\/\/dekkbi.com\/index.php?rest_route=%2Fwp%2Fv2%2Fmedia&parent=38791"}],"wp:term":[{"taxonomy":"category","embeddable":true,"href":"https:\/\/dekkbi.com\/index.php?rest_route=%2Fwp%2Fv2%2Fcategories&post=38791"},{"taxonomy":"post_tag","embeddable":true,"href":"https:\/\/dekkbi.com\/index.php?rest_route=%2Fwp%2Fv2%2Ftags&post=38791"}],"curies":[{"name":"wp","href":"https:\/\/api.w.org\/{rel}","templated":true}]}}