{"id":38750,"date":"2024-07-19T11:50:04","date_gmt":"2024-07-19T11:50:04","guid":{"rendered":"https:\/\/dekkbi.com\/?p=38750"},"modified":"2024-07-19T11:53:13","modified_gmt":"2024-07-19T11:53:13","slug":"respect-du-delai-des-03-mois-requis-pour-la-declaration-de-politique-generale-quand-les-pm-jouent-la-prolongation","status":"publish","type":"post","link":"https:\/\/dekkbi.com\/?p=38750","title":{"rendered":"Respect du d\u00e9lai des 03 mois requis pour la d\u00e9claration de politique g\u00e9n\u00e9rale: quand les PM jouent la prolongation !"},"content":{"rendered":"\n<p><strong>Pr\u00e9vue par l\u2019article 55 de la Constitution et encadr\u00e9e par le dernier alin\u00e9a de l\u2019article 98 de la loi n\u00b0 2002-20 du 15 mai 2002 portant R\u00e8glement int\u00e9rieur de l\u2019Assembl\u00e9e nationale, la d\u00e9claration de politique g\u00e9n\u00e9rale que chaque Premier ministre est appel\u00e9 \u00e0 faire devant la repr\u00e9sentation nationale ne s\u2019est pas toujours d\u00e9roul\u00e9e dans les d\u00e9lais.&nbsp;<\/strong><strong>De 2000 \u00e0 nos jours, seuls 6 chefs de gouvernement sur les 10 ont tenu leur Dpg dans les d\u00e9lais des trois mois pr\u00e9vus par les dispositions de cet article 98 du r\u00e8glement int\u00e9rieur de l\u2019Assembl\u00e9e nationale qui a \u00e9t\u00e9 emport\u00e9e par la r\u00e9forme sur la suppression du poste de Premier ministre en 2019.<\/strong><\/p>\n\n\n\n<p>Le Premier ministre,&nbsp; Ousmane Sonko, va bient\u00f4t sacrifier \u00e0 la tradition de la d\u00e9claration de politique g\u00e9n\u00e9rale devant la repr\u00e9sentation nationale. &nbsp;Sauf tsunami&nbsp;! &nbsp;La date de ce rendez-vous tant attendu sera connue aux termes du processus de mise \u00e0 jour du r\u00e8glement int\u00e9rieur de l\u2019Assembl\u00e9e nationale enclench\u00e9 par les pr\u00e9sidents des trois groupes parlementaires et le repr\u00e9sentant des non-inscrits \u00e0 l\u2019issue de leur r\u00e9union tenue le mardi 16 juillet dernier, comme l\u2019avait annonc\u00e9 le chef de l\u2019\u00c9tat, Bassirou Diomaye Diakhar Faye lors de sa premi\u00e8re conf\u00e9rence de presse sur ses 100 premiers jours de gouvernance. D\u2019ailleurs, le comit\u00e9 charg\u00e9 de conduire ce travail de mise \u00e0 jour du r\u00e8glement int\u00e9rieur va d\u00e9marrer incessamment ses travaux. Lesquels seront sanctionn\u00e9s par un rapport qui sera d\u00e9pos\u00e9 sur le bureau du pr\u00e9sident de l\u2019Assembl\u00e9e nationale en vue de sa validation par le bureau et la conf\u00e9rence des pr\u00e9sidents avant d\u2019\u00eatre soumis \u00e0 l\u2019approbation de la pl\u00e9ni\u00e8re. Partant de cette nouvelle tournure, il faut dire que l\u2019actuel Premier ministre va rejoindre la liste de ses pr\u00e9d\u00e9cesseurs qui n\u2019ont pas fait leur d\u00e9claration de politique g\u00e9n\u00e9rale au-del\u00e0 du d\u00e9lai des trois mois pr\u00e9vus par le dernier alin\u00e9a de l\u2019article 98 de la loi n\u00b0 2002-20 du 15 mai 2002 portant R\u00e8glement int\u00e9rieur de l\u2019Assembl\u00e9e nationale qui fait partie des articles abrog\u00e9s en 2019 par la r\u00e9forme portant suppression du poste de Premier ministre.<\/p>\n\n\n\n<p><strong>Seuls Pm se sont pr\u00e9sent\u00e9s \u00e0 l\u2019Assembl\u00e9e nationale dans les d\u00e9lais<\/strong><\/p>\n\n\n\n<p>En effet, sur les 10 Premiers ministres que le S\u00e9n\u00e9gal a connus depuis 2000, seuls six d\u2019entre eux se sont pr\u00e9sent\u00e9s \u00e0 l\u2019Assembl\u00e9e nationale dans le courant des trois mois qui ont suivi leur nomination. Aminata Tour\u00e9 \u00e0 \u00e9t\u00e9 le plus exemplaire. Deuxi\u00e8me femme \u00e0 acc\u00e9der au poste de Premier ministre du S\u00e9n\u00e9gal apr\u00e8s sa nomination par le Pr\u00e9sident &nbsp;Macky Sall le 1er septembre 2013, Aminata Tour\u00e9 dont le slogan de gouvernement \u00e9tait \u00ab&nbsp;acc\u00e9l\u00e9rer&nbsp; la cadence&nbsp;\u00bb, s\u2019est pr\u00e9sent\u00e9e \u00e0 l\u2019Assembl\u00e9e nationale le&nbsp;28 octobre 2013, soit moins de 2 mois apr\u00e8s sa nomination. Avant dernier chef de gouvernement du Pr\u00e9sident Macky Sall, Amadou Ba fait lui aussi sa d\u00e9claration de politique g\u00e9n\u00e9rale, le 12 d\u00e9cembre 2022, dans le d\u00e9lai des trois mois qui ont suivi sa nomination le 17 septembre de la m\u00eame ann\u00e9e. Les quatre autres anciens Premiers ministres qui ont respect\u00e9 ce d\u00e9lai de trois mois sont Moustapha Niasse qui s\u2019est pr\u00e9sent\u00e9 \u00e0 l\u2019Assembl\u00e9e nationale alors domin\u00e9e par les Socialistes pour faire sa Dpg, le 20 juillet 2000, soit 3 mois apr\u00e8s sa d\u00e9signation le 3 avril par le Pr\u00e9sident Wade pour former le premier gouvernement de la premi\u00e8re alternance d\u00e9mocratique. Dans cette liste figure \u00e9galement le pr\u00e9sident du parti Rewmi, Idrissa Seck. Nomm\u00e9 le 4 nombre 2002 pour remplacer \u00e0 la Primature Mame Madior Boye dont le gouvernement a \u00e9t\u00e9 emport\u00e9 par le drame du bateau \u00ab&nbsp;Le Joola&nbsp;\u00bb, le Premier ministre Idrissa Seck fait sa Dpg le 3 f\u00e9vrier 2002, soit 3 mois apr\u00e8s sa nomination. Il en est de m\u00eame pour Hadjibou Soumar\u00e9. Promu par le pr\u00e9sident Abdoulaye Wade le 19 juin 2007 pour remplacer Macky Sall qui avait d\u00e9missionn\u00e9 pour diriger la liste de la coalition Sopi lors des l\u00e9gislatives de 2007, l\u2019ancien ministre d\u00e9l\u00e9gu\u00e9 aupr\u00e8s du ministre de l\u2019\u00c9conomie et des Finances charg\u00e9 du Budget et de l\u2019Habitat depuis 2001 s\u2019est pr\u00e9sent\u00e9 \u00e0 l\u2019Assembl\u00e9e nationale le 17 septembre 2007, soit 3 mois apr\u00e8s sa nomination. Son rempla\u00e7ant Souleymane Nd\u00e9n\u00e9 Ndiaye n\u2019a pas lui aussi d\u00e9rog\u00e9 \u00e0 cette r\u00e8gle. D\u00e9sign\u00e9 le 30 avril 2009 par le Pr\u00e9sident Wade pour succ\u00e9der \u00e0 Cheikh Hadjibou Soumar\u00e9 d\u00e9missionnaire, le Premier ministre Souleymane Nd\u00e9n\u00e9 Ndiaye a accompli sa D\u00e9claration de politique g\u00e9n\u00e9rale dans les d\u00e9lais des 3 mois, le 23 juillet 2009.<\/p>\n\n\n\n<p><strong>Macky Sall et Abdoul Mbaye dans la liste des hors-la-loi<\/strong><\/p>\n\n\n\n<p>Outre ces chefs de gouvernement qui se sont illustr\u00e9s par leur respect du dernier alin\u00e9a de l\u2019article 98 de la loi n\u00b0 2002-20 du 15 mai 2002 portant R\u00e8glement int\u00e9rieur de l\u2019Assembl\u00e9e nationale qui dispose que \u00ab&nbsp;La d\u00e9claration de politique g\u00e9n\u00e9rale doit intervenir au plus tard trois (03) mois apr\u00e8s l\u2019entr\u00e9e en fonction du Gouvernement. L\u2019Assembl\u00e9e nationale doit en \u00eatre inform\u00e9e huit (08) jours au moins avant la date retenue \u00bb, il y a ce qu\u2019on pourrait consid\u00e9rer comme les \u00e9l\u00e8ves de Mme Mame Madior Boye. D\u00e9sign\u00e9e le 3 avril 2001 pour succ\u00e9der \u00e0 Moustapha Niasse,&nbsp; l\u2019ancienne magistrate n\u2019a pas \u00e9t\u00e9 seulement la Premi\u00e8re femme \u00e0 occuper le poste de Premier ministre au S\u00e9n\u00e9gal. En prenant cinq mois environ pour pr\u00e9parer sa d\u00e9claration de politique g\u00e9n\u00e9rale qu\u2019elle pr\u00e9sente le 1<sup>er<\/sup>&nbsp;ao\u00fbt 2001, elle a \u00e9t\u00e9 \u00e9galement la premi\u00e8re \u00e0 s\u2019illustrer dans cette violation du d\u00e9lai de trois mois depuis 2000. Elle est suivie par Macky Sall. 4<sup>e<\/sup>&nbsp;Premier ministre du Pr\u00e9sident Abdoulaye Wade. Le pr\u00e9sident sortant du S\u00e9n\u00e9gal fait partie des chefs de gouvernement qui n\u2019ont pas respect\u00e9 le d\u00e9lai des trois mois. En effet, nomme &nbsp;Premier ministre le 21 avril 2004 pour remplacer Idrissa Seck lui aussi emport\u00e9 par les fameux chantiers de Thi\u00e8s, Macky Sall ne s\u2019est pr\u00e9sent\u00e9 \u00e0 l\u2019Assembl\u00e9e nationale pour faire sa Dpg que le &nbsp;20 octobre 2004, soit 5 mois apr\u00e8s sa nomination. Il en est de m\u00eame pour Abdoul Mbaye, son premier chef de gouvernement apr\u00e8s l\u2019av\u00e8nement de la deuxi\u00e8me alternance d\u00e9mocratique. Nomm\u00e9 Premier ministre le 3 avril 2012 par Macky Sall, au lendemain de sa prestation de serment, Abdoul Mbaye a fait sa Dpg le 10 septembre 2012, soit 5 mois apr\u00e8s.<\/p>\n\n\n\n<p>Quid enfin du regrett\u00e9 Mahammed Boune Abdallah Dionne&nbsp;? Nomm\u00e9 le 6 juillet 2014 Premier ministre par le pr\u00e9sident Macky Sall en remplacement de Mme Aminata Tour\u00e9 emport\u00e9e par la d\u00e9faite de la coalition au pouvoir lors des \u00e9lections locales du 30 juin de la m\u00eame ann\u00e9e, devant la liste conduite par l\u2019ancien maire de Dakar, Khalifa Ababacar Sall, Mahammed Boune Abdallah Dionne qui nous a quitt\u00e9s le 5 avril dernier n\u2019a pas lui-aussi \u00e9chapp\u00e9 \u00e0 ce pied de nez au r\u00e8glement int\u00e9rieur de l\u2019Assembl\u00e9e nationale. L\u2019ancien chef du gouvernement avait pris en effet 4 mois avant de se pr\u00e9senter \u00e0 l\u2019Assembl\u00e9e nationale, le 11 novembre 2014, pour faire son grand oral.<\/p>\n\n\n\n<p><strong>NANDO CABRAL GOMIS<\/strong><br>SUDQUOTIDIEN<\/p>\n","protected":false},"excerpt":{"rendered":"<p>Pr\u00e9vue par l\u2019article 55 de la Constitution et encadr\u00e9e par le dernier alin\u00e9a de l\u2019article 98 de la loi n\u00b0<\/p>\n","protected":false},"author":1,"featured_media":38752,"comment_status":"open","ping_status":"open","sticky":false,"template":"","format":"standard","meta":{"footnotes":""},"categories":[6],"tags":[],"class_list":["post-38750","post","type-post","status-publish","format-standard","has-post-thumbnail","hentry","category-politics"],"_links":{"self":[{"href":"https:\/\/dekkbi.com\/index.php?rest_route=\/wp\/v2\/posts\/38750","targetHints":{"allow":["GET"]}}],"collection":[{"href":"https:\/\/dekkbi.com\/index.php?rest_route=\/wp\/v2\/posts"}],"about":[{"href":"https:\/\/dekkbi.com\/index.php?rest_route=\/wp\/v2\/types\/post"}],"author":[{"embeddable":true,"href":"https:\/\/dekkbi.com\/index.php?rest_route=\/wp\/v2\/users\/1"}],"replies":[{"embeddable":true,"href":"https:\/\/dekkbi.com\/index.php?rest_route=%2Fwp%2Fv2%2Fcomments&post=38750"}],"version-history":[{"count":1,"href":"https:\/\/dekkbi.com\/index.php?rest_route=\/wp\/v2\/posts\/38750\/revisions"}],"predecessor-version":[{"id":38751,"href":"https:\/\/dekkbi.com\/index.php?rest_route=\/wp\/v2\/posts\/38750\/revisions\/38751"}],"wp:featuredmedia":[{"embeddable":true,"href":"https:\/\/dekkbi.com\/index.php?rest_route=\/wp\/v2\/media\/38752"}],"wp:attachment":[{"href":"https:\/\/dekkbi.com\/index.php?rest_route=%2Fwp%2Fv2%2Fmedia&parent=38750"}],"wp:term":[{"taxonomy":"category","embeddable":true,"href":"https:\/\/dekkbi.com\/index.php?rest_route=%2Fwp%2Fv2%2Fcategories&post=38750"},{"taxonomy":"post_tag","embeddable":true,"href":"https:\/\/dekkbi.com\/index.php?rest_route=%2Fwp%2Fv2%2Ftags&post=38750"}],"curies":[{"name":"wp","href":"https:\/\/api.w.org\/{rel}","templated":true}]}}