{"id":38720,"date":"2024-07-19T10:21:41","date_gmt":"2024-07-19T10:21:41","guid":{"rendered":"https:\/\/dekkbi.com\/?p=38720"},"modified":"2024-07-19T10:22:10","modified_gmt":"2024-07-19T10:22:10","slug":"le-gouvernement-invite-a-consolider-la-phase-cruciale-de-rectification-dajustement-de-reforme-et-de-reddition-des-comptes","status":"publish","type":"post","link":"https:\/\/dekkbi.com\/?p=38720","title":{"rendered":"Le gouvernement invit\u00e9 \u00e0 \u2018\u2019consolider la phase cruciale de rectification, d\u2019ajustement, de r\u00e9forme et de reddition des comptes\u2019\u2019"},"content":{"rendered":"\n<p>Dakar, (APS) \u2013 Le pr\u00e9sident de la R\u00e9publique a indiqu\u00e9, jeudi, en Conseil des ministres, que le second semestre de l\u2019ann\u00e9e 2024 doit \u2018\u2019consolider la phase cruciale de rectification, d\u2019ajustement, de r\u00e9forme hardie des politiques publiques et de reddition des comptes\u2019\u2019.<\/p>\n\n\n\n<p>L\u2019objectif, rapporte le communiqu\u00e9 du Conseil des ministres, \u2018\u2019est de cr\u00e9er dans tous les secteurs de la vie \u00e9conomique, sociale, environnementale et culturelle, les conditions v\u00e9ritables pour b\u00e2tir durablement une souverainet\u00e9 assum\u00e9e dans le sillage d\u2019une d\u00e9mocratie exemplaire et d\u2019un Etat de droit de r\u00e9f\u00e9rence\u2019\u2019.<\/p>\n\n\n\n<p>D\u00e8s lors, Bassirou Diomaye Faye a exhort\u00e9 le gouvernement \u2018\u2019d\u2019\u00eatre davantage \u00e0 l\u2019\u00e9coute des populations, d\u2019anticiper et de travailler dans la solidarit\u00e9, avec la mise en \u0153uvre d\u2019une strat\u00e9gie de communication coordonn\u00e9e, coh\u00e9rente, persuasive et offensive\u2019\u2019.<\/p>\n\n\n\n<p>Le communiqu\u00e9 ajoute que c\u2019est dans cet esprit que le chef de l\u2019Etat \u2018\u2019a demand\u00e9 au Premier ministre de prendre toutes les dispositions en vue de la pr\u00e9sentation prochaine devant l\u2019Assembl\u00e9e nationale de la D\u00e9claration de Politique g\u00e9n\u00e9rale du gouvernement d\u00e9j\u00e0 disponible\u2019\u2019.<\/p>\n\n\n\n<p>OID\/AB<\/p>\n","protected":false},"excerpt":{"rendered":"<p>Dakar, (APS) \u2013 Le pr\u00e9sident de la R\u00e9publique a indiqu\u00e9, jeudi, en Conseil des ministres, que le second semestre de<\/p>\n","protected":false},"author":1,"featured_media":35421,"comment_status":"open","ping_status":"open","sticky":false,"template":"","format":"standard","meta":{"footnotes":""},"categories":[6],"tags":[],"class_list":["post-38720","post","type-post","status-publish","format-standard","has-post-thumbnail","hentry","category-politics"],"_links":{"self":[{"href":"https:\/\/dekkbi.com\/index.php?rest_route=\/wp\/v2\/posts\/38720","targetHints":{"allow":["GET"]}}],"collection":[{"href":"https:\/\/dekkbi.com\/index.php?rest_route=\/wp\/v2\/posts"}],"about":[{"href":"https:\/\/dekkbi.com\/index.php?rest_route=\/wp\/v2\/types\/post"}],"author":[{"embeddable":true,"href":"https:\/\/dekkbi.com\/index.php?rest_route=\/wp\/v2\/users\/1"}],"replies":[{"embeddable":true,"href":"https:\/\/dekkbi.com\/index.php?rest_route=%2Fwp%2Fv2%2Fcomments&post=38720"}],"version-history":[{"count":1,"href":"https:\/\/dekkbi.com\/index.php?rest_route=\/wp\/v2\/posts\/38720\/revisions"}],"predecessor-version":[{"id":38721,"href":"https:\/\/dekkbi.com\/index.php?rest_route=\/wp\/v2\/posts\/38720\/revisions\/38721"}],"wp:featuredmedia":[{"embeddable":true,"href":"https:\/\/dekkbi.com\/index.php?rest_route=\/wp\/v2\/media\/35421"}],"wp:attachment":[{"href":"https:\/\/dekkbi.com\/index.php?rest_route=%2Fwp%2Fv2%2Fmedia&parent=38720"}],"wp:term":[{"taxonomy":"category","embeddable":true,"href":"https:\/\/dekkbi.com\/index.php?rest_route=%2Fwp%2Fv2%2Fcategories&post=38720"},{"taxonomy":"post_tag","embeddable":true,"href":"https:\/\/dekkbi.com\/index.php?rest_route=%2Fwp%2Fv2%2Ftags&post=38720"}],"curies":[{"name":"wp","href":"https:\/\/api.w.org\/{rel}","templated":true}]}}